{"id":62078,"date":"2025-11-21T11:51:08","date_gmt":"2025-11-21T11:51:08","guid":{"rendered":"https:\/\/www.davita.pt\/?p=62078"},"modified":"2025-11-21T11:51:08","modified_gmt":"2025-11-21T11:51:08","slug":"davita-obidos-24-anos-de-dedicacao-humanizacao-e-excelencia-no-cuidar","status":"publish","type":"post","link":"https:\/\/www.davita.pt\/en\/davita-obidos-24-anos-de-dedicacao-humanizacao-e-excelencia-no-cuidar\/","title":{"rendered":"DaVita \u00d3bidos: 24 Anos de dedica\u00e7\u00e3o, humaniza\u00e7\u00e3o e excel\u00eancia no cuidar"},"content":{"rendered":"<p>No dia 12 de novembro de 2025, a DaVita \u00d3bidos celebrou 24 anos de servi\u00e7o \u00e0 comunidade, assinalando quase um quarto de s\u00e9culo de compromisso com a qualidade, a seguran\u00e7a e a humaniza\u00e7\u00e3o dos cuidados em hemodi\u00e1lise. Desde a sua funda\u00e7\u00e3o, a cl\u00ednica consolidou-se como uma refer\u00eancia na regi\u00e3o, pela proximidade com os doentes e pela excel\u00eancia t\u00e9cnica e humana da sua equipa.<\/p>\n<p>Segundo Ana Ferreira, enfermeira-chefe da DaVita \u00d3bidos, \u201cdesde o primeiro dia, o nosso objetivo foi prestar cuidados de hemodi\u00e1lise de qualidade \u00e0 popula\u00e7\u00e3o local e das regi\u00f5es vizinhas.\u201d A cl\u00ednica cresceu lado a lado com a comunidade, adaptando-se \u00e0s suas necessidades e implementando melhorias cont\u00ednuas na estrutura f\u00edsica e na capacita\u00e7\u00e3o profissional das equipas. \u201cA aposta na forma\u00e7\u00e3o especializada e na colabora\u00e7\u00e3o entre diferentes \u00e1reas foi essencial para assegurar uma abordagem centrada no doente e no seu bem-estar\u201d, destacou.<\/p>\n<p>A hist\u00f3ria da unidade remonta a 2003. Como recorda o diretor cl\u00ednico Dr. Andr\u00e9 Weigert, \u201ca cl\u00ednica Eurodial \u00d3bidos foi criada pelo Dr. C\u00e2ndido Ferreira e foi inaugurada pelo ent\u00e3o Ministro da Sa\u00fade, Dr. Correia de Campos, em 21 de dezembro de 2003. Essa abertura constituiu uma grande mais-valia para os doentes insuficientes renais desta regi\u00e3o.\u201d<\/p>\n<p>Desde ent\u00e3o, o caminho foi de constante evolu\u00e7\u00e3o e compromisso. \u201cHouve muitas mudan\u00e7as na presta\u00e7\u00e3o de servi\u00e7os de di\u00e1lise em Portugal, mas a cl\u00ednica esteve sempre na vanguarda da qualidade e na presta\u00e7\u00e3o humanizada e personalizada de cuidados, com foco na qualidade de vida dos nossos doentes\u201d, acrescentou o Dr. Weigert.<\/p>\n<p>Em 2013, a integra\u00e7\u00e3o na DaVita marcou uma nova etapa. \u201cA partir desse ano, a cl\u00ednica passou a pertencer \u00e0 empresa DaVita, sendo integrada num projeto internacional que prima pela qualidade do servi\u00e7o, sem esquecer o lado humano\u201d, sublinhou. Para o diretor cl\u00ednico, \u201cser Diretor Cl\u00ednico da Eurodial \u00d3bidos \u00e9 simultaneamente uma honra e uma grande responsabilidade, colaborando com uma equipa de excel\u00eancia que funciona como uma fam\u00edlia.\u201d<\/p>\n<p>Ao longo destes 24 anos, a DaVita \u00d3bidos enfrentou diversos desafios que exigiram resili\u00eancia e esp\u00edrito de equipa. Entre os mais marcantes, Ana Ferreira recordou \u201ca pandemia de COVID-19, que obrigou \u00e0 reorganiza\u00e7\u00e3o de circuitos e hor\u00e1rios, \u00e0 implementa\u00e7\u00e3o de medidas rigorosas de preven\u00e7\u00e3o e a um refor\u00e7o da comunica\u00e7\u00e3o com os doentes.\u201d Outro momento exigente foi o apag\u00e3o el\u00e9trico, que \u201ctestou a capacidade de resposta da unidade em situa\u00e7\u00f5es de emerg\u00eancia, exigindo uma atua\u00e7\u00e3o r\u00e1pida e coordenada para garantir a seguran\u00e7a e a continuidade dos tratamentos.\u201d<\/p>\n<p>Apesar dos obst\u00e1culos, o percurso da cl\u00ednica foi marcado por muitas conquistas e momentos de orgulho. \u201cO que mais nos enche de satisfa\u00e7\u00e3o \u00e9 o reconhecimento dos doentes e das suas fam\u00edlias. Sentir que somos parte do dia a dia deles, que confiam em n\u00f3s e valorizam o nosso trabalho, \u00e9 o maior pr\u00e9mio que poder\u00edamos receber\u201d, afirmou Ana Ferreira.<\/p>\n<p>O v\u00ednculo criado entre equipa e utentes tornou-se um dos maiores legados da DaVita \u00d3bidos: rela\u00e7\u00f5es de confian\u00e7a, afeto e respeito m\u00fatuo. A cl\u00ednica tem tido tamb\u00e9m um impacto significativo na qualidade de vida dos utentes renais da regi\u00e3o, proporcionando tratamentos de elevada qualidade e pr\u00f3ximos das suas resid\u00eancias, o que reduz o desgaste associado \u00e0s desloca\u00e7\u00f5es.<\/p>\n<p>Mas o contributo da DaVita \u00d3bidos vai muito al\u00e9m do tratamento em si. \u201cA nossa abordagem \u00e9 multidisciplinar e humanizada, procurando conhecer e acompanhar cada pessoa de forma integral\u201d, explicou Ana Ferreira. Projetos como o programa de visita\u00e7\u00e3o domicili\u00e1ria e o projeto de preven\u00e7\u00e3o do p\u00e9 diab\u00e9tico refor\u00e7aram este compromisso, permitindo uma avalia\u00e7\u00e3o mais pr\u00f3xima das condi\u00e7\u00f5es de vida dos doentes e a preven\u00e7\u00e3o de complica\u00e7\u00f5es.<\/p>\n<p>Al\u00e9m disso, a cl\u00ednica tem promovido a\u00e7\u00f5es de educa\u00e7\u00e3o para a sa\u00fade e visitas de escolas, incentivando estilos de vida saud\u00e1veis e contribuindo para a literacia em sa\u00fade na comunidade.<br \/>\nNo dia a dia, a equipa de Enfermagem assume um papel muito importante. \u201cOs enfermeiros garantem n\u00e3o s\u00f3 a execu\u00e7\u00e3o t\u00e9cnica dos tratamentos, mas tamb\u00e9m o acompanhamento humano e emocional de cada utente. S\u00e3o eles que asseguram a vigil\u00e2ncia cont\u00ednua, a preven\u00e7\u00e3o de complica\u00e7\u00f5es e a educa\u00e7\u00e3o para a sa\u00fade\u201d, referiu Ana Ferreira. Para al\u00e9m disso, participam ativamente na gest\u00e3o da qualidade e na implementa\u00e7\u00e3o de boas pr\u00e1ticas, assegurando cuidados seguros e de excel\u00eancia.<\/p>\n<p>A evolu\u00e7\u00e3o tecnol\u00f3gica e cient\u00edfica ao longo dos anos tamb\u00e9m transformou a pr\u00e1tica da cl\u00ednica. \u201cA hemodi\u00e1lise \u00e9 uma \u00e1rea em constante evolu\u00e7\u00e3o, e a DaVita \u00d3bidos acompanhou de perto essa mudan\u00e7a, investindo em tecnologia atualizada e em protocolos baseados na evid\u00eancia cient\u00edfica\u201d, afirmou. Esta atualiza\u00e7\u00e3o cont\u00ednua tem permitido tratamentos mais eficazes, confort\u00e1veis e seguros, sempre alinhados com as normas nacionais e internacionais.<\/p>\n<p>Entre as muitas experi\u00eancias vividas, Ana Ferreira destaca as hist\u00f3rias inspiradoras de supera\u00e7\u00e3o dos utentes: \u201cCada pessoa que acompanhamos traz uma hist\u00f3ria \u00fanica, feita de coragem e adapta\u00e7\u00e3o. \u00c9 inspirador ver quem, mesmo perante a doen\u00e7a, continua a lutar, a trabalhar e a viver com esperan\u00e7a. Ver os nossos doentes transformarem a cl\u00ednica num espa\u00e7o de conforto e confian\u00e7a \u00e9 o que mais nos motiva.\u201d<\/p>\n<p>Com o olhar voltado para o futuro, a DaVita \u00d3bidos pretende dar continuidade ao seu percurso de crescimento sustent\u00e1vel e humanizado. \u201cO nosso principal objetivo \u00e9 continuar a prestar os melhores cuidados poss\u00edveis, mantendo o foco na qualidade, na humaniza\u00e7\u00e3o e na seguran\u00e7a dos nossos servi\u00e7os\u201d, sublinhou.<\/p>\n<p>A rela\u00e7\u00e3o com a comunidade local continuar\u00e1 a ser um dos pilares da unidade. \u201cTemos as portas sempre abertas \u00e0 comunidade, recebemos visitas de escolas e institui\u00e7\u00f5es e, sempre que poss\u00edvel, deslocamo-nos at\u00e9 elas para promover a\u00e7\u00f5es de educa\u00e7\u00e3o para a sa\u00fade. Estes momentos s\u00e3o muito enriquecedores e aproximam-nos ainda mais das pessoas\u201d, afirmou a enfermeira-chefe.<\/p>\n<p>\u201cQuero agradecer a todos, profissionais e doentes, por fazerem parte da hist\u00f3ria da DaVita \u00d3bidos. Cada um \u00e9 essencial neste percurso. Juntos, constru\u00edmos algo que vai muito al\u00e9m dos tratamentos: constru\u00edmos rela\u00e7\u00f5es, aprendizagens e um caminho comum, feito de respeito e compromisso. Continuaremos, todos os dias, a trabalhar com dedica\u00e7\u00e3o e empenho para prestar cuidados de excel\u00eancia, centrados nas pessoas e naquilo que mais valorizamos: o bem-estar e a dignidade dos nossos doentes\u201d, concluiu Ana Ferreira.<\/p>","protected":false},"excerpt":{"rendered":"<p>No dia 12 de novembro de 2025, a DaVita \u00d3bidos celebrou 24 anos de servi\u00e7o&hellip;<\/p>","protected":false},"author":1,"featured_media":62079,"comment_status":"closed","ping_status":"closed","sticky":false,"template":"","format":"standard","meta":{"footnotes":""},"categories":[276],"tags":[],"class_list":["post-62078","post","type-post","status-publish","format-standard","has-post-thumbnail","hentry","category-noticias"],"yoast_head":"<!-- This site is optimized with the Yoast SEO plugin v27.5 - https:\/\/yoast.com\/product\/yoast-seo-wordpress\/ -->\n<title>DaVita \u00d3bidos: 24 Anos de dedica\u00e7\u00e3o, humaniza\u00e7\u00e3o e excel\u00eancia no cuidar - DaVita Portugal<\/title>\n<meta name=\"description\" content=\"DaVita \u00d3bidos: 24 Anos de dedica\u00e7\u00e3o, humaniza\u00e7\u00e3o e excel\u00eancia no cuidar\" \/>\n<meta name=\"robots\" content=\"index, follow, max-snippet:-1, max-image-preview:large, max-video-preview:-1\" \/>\n<link rel=\"canonical\" href=\"https:\/\/www.davita.pt\/en\/davita-obidos-24-anos-de-dedicacao-humanizacao-e-excelencia-no-cuidar\/\" \/>\n<meta property=\"og:locale\" content=\"en_US\" \/>\n<meta property=\"og:type\" content=\"article\" \/>\n<meta property=\"og:title\" content=\"DaVita \u00d3bidos: 24 Anos de dedica\u00e7\u00e3o, humaniza\u00e7\u00e3o e excel\u00eancia no cuidar - DaVita Portugal\" \/>\n<meta property=\"og:description\" content=\"DaVita \u00d3bidos: 24 Anos de dedica\u00e7\u00e3o, humaniza\u00e7\u00e3o e excel\u00eancia no cuidar\" \/>\n<meta property=\"og:url\" content=\"https:\/\/www.davita.pt\/en\/davita-obidos-24-anos-de-dedicacao-humanizacao-e-excelencia-no-cuidar\/\" \/>\n<meta property=\"og:site_name\" content=\"DaVita Portugal\" \/>\n<meta property=\"article:publisher\" content=\"https:\/\/www.facebook.com\/Davitaportugal\/\" \/>\n<meta property=\"article:published_time\" content=\"2025-11-21T11:51:08+00:00\" \/>\n<meta property=\"og:image\" content=\"https:\/\/www.davita.pt\/wp-content\/uploads\/2025\/11\/1920x1434_Aniversario_Obidos.jpg\" \/>\n\t<meta property=\"og:image:width\" content=\"1920\" \/>\n\t<meta property=\"og:image:height\" content=\"1434\" \/>\n\t<meta property=\"og:image:type\" content=\"image\/jpeg\" \/>\n<meta name=\"author\" content=\"jadesignstudio\" \/>\n<meta name=\"twitter:card\" content=\"summary_large_image\" \/>\n<meta name=\"twitter:label1\" content=\"Written by\" \/>\n\t<meta name=\"twitter:data1\" content=\"jadesignstudio\" \/>\n\t<meta name=\"twitter:label2\" content=\"Est. reading time\" \/>\n\t<meta name=\"twitter:data2\" content=\"6 minutes\" \/>\n<script type=\"application\/ld+json\" class=\"yoast-schema-graph\">{\"@context\":\"https:\\\/\\\/schema.org\",\"@graph\":[{\"@type\":\"Article\",\"@id\":\"https:\\\/\\\/www.davita.pt\\\/davita-obidos-24-anos-de-dedicacao-humanizacao-e-excelencia-no-cuidar\\\/#article\",\"isPartOf\":{\"@id\":\"https:\\\/\\\/www.davita.pt\\\/davita-obidos-24-anos-de-dedicacao-humanizacao-e-excelencia-no-cuidar\\\/\"},\"author\":{\"name\":\"jadesignstudio\",\"@id\":\"https:\\\/\\\/www.davita.pt\\\/#\\\/schema\\\/person\\\/f32dbd6b2d272c3ab88f9fda6980d6fd\"},\"headline\":\"DaVita \u00d3bidos: 24 Anos de dedica\u00e7\u00e3o, humaniza\u00e7\u00e3o e excel\u00eancia no cuidar\",\"datePublished\":\"2025-11-21T11:51:08+00:00\",\"mainEntityOfPage\":{\"@id\":\"https:\\\/\\\/www.davita.pt\\\/davita-obidos-24-anos-de-dedicacao-humanizacao-e-excelencia-no-cuidar\\\/\"},\"wordCount\":1139,\"publisher\":{\"@id\":\"https:\\\/\\\/www.davita.pt\\\/#organization\"},\"image\":{\"@id\":\"https:\\\/\\\/www.davita.pt\\\/davita-obidos-24-anos-de-dedicacao-humanizacao-e-excelencia-no-cuidar\\\/#primaryimage\"},\"thumbnailUrl\":\"https:\\\/\\\/www.davita.pt\\\/wp-content\\\/uploads\\\/2025\\\/11\\\/1920x1434_Aniversario_Obidos.jpg\",\"articleSection\":[\"Not\u00edcias\"],\"inLanguage\":\"en-US\"},{\"@type\":\"WebPage\",\"@id\":\"https:\\\/\\\/www.davita.pt\\\/davita-obidos-24-anos-de-dedicacao-humanizacao-e-excelencia-no-cuidar\\\/\",\"url\":\"https:\\\/\\\/www.davita.pt\\\/davita-obidos-24-anos-de-dedicacao-humanizacao-e-excelencia-no-cuidar\\\/\",\"name\":\"DaVita \u00d3bidos: 24 Anos de dedica\u00e7\u00e3o, humaniza\u00e7\u00e3o e excel\u00eancia no cuidar - DaVita Portugal\",\"isPartOf\":{\"@id\":\"https:\\\/\\\/www.davita.pt\\\/#website\"},\"primaryImageOfPage\":{\"@id\":\"https:\\\/\\\/www.davita.pt\\\/davita-obidos-24-anos-de-dedicacao-humanizacao-e-excelencia-no-cuidar\\\/#primaryimage\"},\"image\":{\"@id\":\"https:\\\/\\\/www.davita.pt\\\/davita-obidos-24-anos-de-dedicacao-humanizacao-e-excelencia-no-cuidar\\\/#primaryimage\"},\"thumbnailUrl\":\"https:\\\/\\\/www.davita.pt\\\/wp-content\\\/uploads\\\/2025\\\/11\\\/1920x1434_Aniversario_Obidos.jpg\",\"datePublished\":\"2025-11-21T11:51:08+00:00\",\"description\":\"DaVita \u00d3bidos: 24 Anos de dedica\u00e7\u00e3o, humaniza\u00e7\u00e3o e excel\u00eancia no cuidar\",\"breadcrumb\":{\"@id\":\"https:\\\/\\\/www.davita.pt\\\/davita-obidos-24-anos-de-dedicacao-humanizacao-e-excelencia-no-cuidar\\\/#breadcrumb\"},\"inLanguage\":\"en-US\",\"potentialAction\":[{\"@type\":\"ReadAction\",\"target\":[\"https:\\\/\\\/www.davita.pt\\\/davita-obidos-24-anos-de-dedicacao-humanizacao-e-excelencia-no-cuidar\\\/\"]}]},{\"@type\":\"ImageObject\",\"inLanguage\":\"en-US\",\"@id\":\"https:\\\/\\\/www.davita.pt\\\/davita-obidos-24-anos-de-dedicacao-humanizacao-e-excelencia-no-cuidar\\\/#primaryimage\",\"url\":\"https:\\\/\\\/www.davita.pt\\\/wp-content\\\/uploads\\\/2025\\\/11\\\/1920x1434_Aniversario_Obidos.jpg\",\"contentUrl\":\"https:\\\/\\\/www.davita.pt\\\/wp-content\\\/uploads\\\/2025\\\/11\\\/1920x1434_Aniversario_Obidos.jpg\",\"width\":1920,\"height\":1434,\"caption\":\"1920x1434 Anivers\u00e1rio Obidos\"},{\"@type\":\"BreadcrumbList\",\"@id\":\"https:\\\/\\\/www.davita.pt\\\/davita-obidos-24-anos-de-dedicacao-humanizacao-e-excelencia-no-cuidar\\\/#breadcrumb\",\"itemListElement\":[{\"@type\":\"ListItem\",\"position\":1,\"name\":\"Home\",\"item\":\"https:\\\/\\\/www.davita.pt\\\/\"},{\"@type\":\"ListItem\",\"position\":2,\"name\":\"DaVita \u00d3bidos: 24 Anos de dedica\u00e7\u00e3o, humaniza\u00e7\u00e3o e excel\u00eancia no cuidar\"}]},{\"@type\":\"WebSite\",\"@id\":\"https:\\\/\\\/www.davita.pt\\\/#website\",\"url\":\"https:\\\/\\\/www.davita.pt\\\/\",\"name\":\"DaVita Portugal\",\"description\":\"\",\"publisher\":{\"@id\":\"https:\\\/\\\/www.davita.pt\\\/#organization\"},\"potentialAction\":[{\"@type\":\"SearchAction\",\"target\":{\"@type\":\"EntryPoint\",\"urlTemplate\":\"https:\\\/\\\/www.davita.pt\\\/?s={search_term_string}\"},\"query-input\":{\"@type\":\"PropertyValueSpecification\",\"valueRequired\":true,\"valueName\":\"search_term_string\"}}],\"inLanguage\":\"en-US\"},{\"@type\":\"Organization\",\"@id\":\"https:\\\/\\\/www.davita.pt\\\/#organization\",\"name\":\"DaVita Portugal\",\"alternateName\":\"IDC \u2013 International Dialysis Center, Lda.\",\"url\":\"https:\\\/\\\/www.davita.pt\\\/\",\"logo\":{\"@type\":\"ImageObject\",\"inLanguage\":\"en-US\",\"@id\":\"https:\\\/\\\/www.davita.pt\\\/#\\\/schema\\\/logo\\\/image\\\/\",\"url\":\"https:\\\/\\\/www.davita.pt\\\/wp-content\\\/uploads\\\/2024\\\/07\\\/13893_DaVita_Logo_RGB_2C_72dpi.png\",\"contentUrl\":\"https:\\\/\\\/www.davita.pt\\\/wp-content\\\/uploads\\\/2024\\\/07\\\/13893_DaVita_Logo_RGB_2C_72dpi.png\",\"width\":456,\"height\":175,\"caption\":\"DaVita Portugal\"},\"image\":{\"@id\":\"https:\\\/\\\/www.davita.pt\\\/#\\\/schema\\\/logo\\\/image\\\/\"},\"sameAs\":[\"https:\\\/\\\/www.facebook.com\\\/Davitaportugal\\\/\",\"https:\\\/\\\/www.linkedin.com\\\/company\\\/davitaportugal\\\/\"]},{\"@type\":\"Person\",\"@id\":\"https:\\\/\\\/www.davita.pt\\\/#\\\/schema\\\/person\\\/f32dbd6b2d272c3ab88f9fda6980d6fd\",\"name\":\"jadesignstudio\",\"image\":{\"@type\":\"ImageObject\",\"inLanguage\":\"en-US\",\"@id\":\"https:\\\/\\\/secure.gravatar.com\\\/avatar\\\/f7c9c0fd426d27c1548821044c7c7deb449e62c4254676f680136f4fdf718f4a?s=96&d=mm&r=g\",\"url\":\"https:\\\/\\\/secure.gravatar.com\\\/avatar\\\/f7c9c0fd426d27c1548821044c7c7deb449e62c4254676f680136f4fdf718f4a?s=96&d=mm&r=g\",\"contentUrl\":\"https:\\\/\\\/secure.gravatar.com\\\/avatar\\\/f7c9c0fd426d27c1548821044c7c7deb449e62c4254676f680136f4fdf718f4a?s=96&d=mm&r=g\",\"caption\":\"jadesignstudio\"},\"url\":\"https:\\\/\\\/www.davita.pt\\\/en\\\/author\\\/jadesignstudio\\\/\"}]}<\/script>\n<!-- \/ Yoast SEO plugin. -->","yoast_head_json":{"title":"DaVita \u00d3bidos: 24 Anos de dedica\u00e7\u00e3o, humaniza\u00e7\u00e3o e excel\u00eancia no cuidar - DaVita Portugal","description":"DaVita \u00d3bidos: 24 Anos de dedica\u00e7\u00e3o, humaniza\u00e7\u00e3o e excel\u00eancia no cuidar","robots":{"index":"index","follow":"follow","max-snippet":"max-snippet:-1","max-image-preview":"max-image-preview:large","max-video-preview":"max-video-preview:-1"},"canonical":"https:\/\/www.davita.pt\/en\/davita-obidos-24-anos-de-dedicacao-humanizacao-e-excelencia-no-cuidar\/","og_locale":"en_US","og_type":"article","og_title":"DaVita \u00d3bidos: 24 Anos de dedica\u00e7\u00e3o, humaniza\u00e7\u00e3o e excel\u00eancia no cuidar - DaVita Portugal","og_description":"DaVita \u00d3bidos: 24 Anos de dedica\u00e7\u00e3o, humaniza\u00e7\u00e3o e excel\u00eancia no cuidar","og_url":"https:\/\/www.davita.pt\/en\/davita-obidos-24-anos-de-dedicacao-humanizacao-e-excelencia-no-cuidar\/","og_site_name":"DaVita Portugal","article_publisher":"https:\/\/www.facebook.com\/Davitaportugal\/","article_published_time":"2025-11-21T11:51:08+00:00","og_image":[{"width":1920,"height":1434,"url":"https:\/\/www.davita.pt\/wp-content\/uploads\/2025\/11\/1920x1434_Aniversario_Obidos.jpg","type":"image\/jpeg"}],"author":"jadesignstudio","twitter_card":"summary_large_image","twitter_misc":{"Written by":"jadesignstudio","Est. reading time":"6 minutes"},"schema":{"@context":"https:\/\/schema.org","@graph":[{"@type":"Article","@id":"https:\/\/www.davita.pt\/davita-obidos-24-anos-de-dedicacao-humanizacao-e-excelencia-no-cuidar\/#article","isPartOf":{"@id":"https:\/\/www.davita.pt\/davita-obidos-24-anos-de-dedicacao-humanizacao-e-excelencia-no-cuidar\/"},"author":{"name":"jadesignstudio","@id":"https:\/\/www.davita.pt\/#\/schema\/person\/f32dbd6b2d272c3ab88f9fda6980d6fd"},"headline":"DaVita \u00d3bidos: 24 Anos de dedica\u00e7\u00e3o, humaniza\u00e7\u00e3o e excel\u00eancia no cuidar","datePublished":"2025-11-21T11:51:08+00:00","mainEntityOfPage":{"@id":"https:\/\/www.davita.pt\/davita-obidos-24-anos-de-dedicacao-humanizacao-e-excelencia-no-cuidar\/"},"wordCount":1139,"publisher":{"@id":"https:\/\/www.davita.pt\/#organization"},"image":{"@id":"https:\/\/www.davita.pt\/davita-obidos-24-anos-de-dedicacao-humanizacao-e-excelencia-no-cuidar\/#primaryimage"},"thumbnailUrl":"https:\/\/www.davita.pt\/wp-content\/uploads\/2025\/11\/1920x1434_Aniversario_Obidos.jpg","articleSection":["Not\u00edcias"],"inLanguage":"en-US"},{"@type":"WebPage","@id":"https:\/\/www.davita.pt\/davita-obidos-24-anos-de-dedicacao-humanizacao-e-excelencia-no-cuidar\/","url":"https:\/\/www.davita.pt\/davita-obidos-24-anos-de-dedicacao-humanizacao-e-excelencia-no-cuidar\/","name":"DaVita \u00d3bidos: 24 Anos de dedica\u00e7\u00e3o, humaniza\u00e7\u00e3o e excel\u00eancia no cuidar - DaVita Portugal","isPartOf":{"@id":"https:\/\/www.davita.pt\/#website"},"primaryImageOfPage":{"@id":"https:\/\/www.davita.pt\/davita-obidos-24-anos-de-dedicacao-humanizacao-e-excelencia-no-cuidar\/#primaryimage"},"image":{"@id":"https:\/\/www.davita.pt\/davita-obidos-24-anos-de-dedicacao-humanizacao-e-excelencia-no-cuidar\/#primaryimage"},"thumbnailUrl":"https:\/\/www.davita.pt\/wp-content\/uploads\/2025\/11\/1920x1434_Aniversario_Obidos.jpg","datePublished":"2025-11-21T11:51:08+00:00","description":"DaVita \u00d3bidos: 24 Anos de dedica\u00e7\u00e3o, humaniza\u00e7\u00e3o e excel\u00eancia no cuidar","breadcrumb":{"@id":"https:\/\/www.davita.pt\/davita-obidos-24-anos-de-dedicacao-humanizacao-e-excelencia-no-cuidar\/#breadcrumb"},"inLanguage":"en-US","potentialAction":[{"@type":"ReadAction","target":["https:\/\/www.davita.pt\/davita-obidos-24-anos-de-dedicacao-humanizacao-e-excelencia-no-cuidar\/"]}]},{"@type":"ImageObject","inLanguage":"en-US","@id":"https:\/\/www.davita.pt\/davita-obidos-24-anos-de-dedicacao-humanizacao-e-excelencia-no-cuidar\/#primaryimage","url":"https:\/\/www.davita.pt\/wp-content\/uploads\/2025\/11\/1920x1434_Aniversario_Obidos.jpg","contentUrl":"https:\/\/www.davita.pt\/wp-content\/uploads\/2025\/11\/1920x1434_Aniversario_Obidos.jpg","width":1920,"height":1434,"caption":"1920x1434 Anivers\u00e1rio Obidos"},{"@type":"BreadcrumbList","@id":"https:\/\/www.davita.pt\/davita-obidos-24-anos-de-dedicacao-humanizacao-e-excelencia-no-cuidar\/#breadcrumb","itemListElement":[{"@type":"ListItem","position":1,"name":"Home","item":"https:\/\/www.davita.pt\/"},{"@type":"ListItem","position":2,"name":"DaVita \u00d3bidos: 24 Anos de dedica\u00e7\u00e3o, humaniza\u00e7\u00e3o e excel\u00eancia no cuidar"}]},{"@type":"WebSite","@id":"https:\/\/www.davita.pt\/#website","url":"https:\/\/www.davita.pt\/","name":"DaVita Portugal","description":"","publisher":{"@id":"https:\/\/www.davita.pt\/#organization"},"potentialAction":[{"@type":"SearchAction","target":{"@type":"EntryPoint","urlTemplate":"https:\/\/www.davita.pt\/?s={search_term_string}"},"query-input":{"@type":"PropertyValueSpecification","valueRequired":true,"valueName":"search_term_string"}}],"inLanguage":"en-US"},{"@type":"Organization","@id":"https:\/\/www.davita.pt\/#organization","name":"DaVita Portugal","alternateName":"IDC \u2013 International Dialysis Center, Lda.","url":"https:\/\/www.davita.pt\/","logo":{"@type":"ImageObject","inLanguage":"en-US","@id":"https:\/\/www.davita.pt\/#\/schema\/logo\/image\/","url":"https:\/\/www.davita.pt\/wp-content\/uploads\/2024\/07\/13893_DaVita_Logo_RGB_2C_72dpi.png","contentUrl":"https:\/\/www.davita.pt\/wp-content\/uploads\/2024\/07\/13893_DaVita_Logo_RGB_2C_72dpi.png","width":456,"height":175,"caption":"DaVita Portugal"},"image":{"@id":"https:\/\/www.davita.pt\/#\/schema\/logo\/image\/"},"sameAs":["https:\/\/www.facebook.com\/Davitaportugal\/","https:\/\/www.linkedin.com\/company\/davitaportugal\/"]},{"@type":"Person","@id":"https:\/\/www.davita.pt\/#\/schema\/person\/f32dbd6b2d272c3ab88f9fda6980d6fd","name":"jadesignstudio","image":{"@type":"ImageObject","inLanguage":"en-US","@id":"https:\/\/secure.gravatar.com\/avatar\/f7c9c0fd426d27c1548821044c7c7deb449e62c4254676f680136f4fdf718f4a?s=96&d=mm&r=g","url":"https:\/\/secure.gravatar.com\/avatar\/f7c9c0fd426d27c1548821044c7c7deb449e62c4254676f680136f4fdf718f4a?s=96&d=mm&r=g","contentUrl":"https:\/\/secure.gravatar.com\/avatar\/f7c9c0fd426d27c1548821044c7c7deb449e62c4254676f680136f4fdf718f4a?s=96&d=mm&r=g","caption":"jadesignstudio"},"url":"https:\/\/www.davita.pt\/en\/author\/jadesignstudio\/"}]}},"_links":{"self":[{"href":"https:\/\/www.davita.pt\/en\/wp-json\/wp\/v2\/posts\/62078","targetHints":{"allow":["GET"]}}],"collection":[{"href":"https:\/\/www.davita.pt\/en\/wp-json\/wp\/v2\/posts"}],"about":[{"href":"https:\/\/www.davita.pt\/en\/wp-json\/wp\/v2\/types\/post"}],"author":[{"embeddable":true,"href":"https:\/\/www.davita.pt\/en\/wp-json\/wp\/v2\/users\/1"}],"replies":[{"embeddable":true,"href":"https:\/\/www.davita.pt\/en\/wp-json\/wp\/v2\/comments?post=62078"}],"version-history":[{"count":1,"href":"https:\/\/www.davita.pt\/en\/wp-json\/wp\/v2\/posts\/62078\/revisions"}],"predecessor-version":[{"id":62080,"href":"https:\/\/www.davita.pt\/en\/wp-json\/wp\/v2\/posts\/62078\/revisions\/62080"}],"wp:featuredmedia":[{"embeddable":true,"href":"https:\/\/www.davita.pt\/en\/wp-json\/wp\/v2\/media\/62079"}],"wp:attachment":[{"href":"https:\/\/www.davita.pt\/en\/wp-json\/wp\/v2\/media?parent=62078"}],"wp:term":[{"taxonomy":"category","embeddable":true,"href":"https:\/\/www.davita.pt\/en\/wp-json\/wp\/v2\/categories?post=62078"},{"taxonomy":"post_tag","embeddable":true,"href":"https:\/\/www.davita.pt\/en\/wp-json\/wp\/v2\/tags?post=62078"}],"curies":[{"name":"wp","href":"https:\/\/api.w.org\/{rel}","templated":true}]}}