{"id":61619,"date":"2025-09-04T17:41:56","date_gmt":"2025-09-04T16:41:56","guid":{"rendered":"https:\/\/www.davita.pt\/?p=61619"},"modified":"2025-09-04T17:43:37","modified_gmt":"2025-09-04T16:43:37","slug":"davita-mafra-celebra-dois-anos-de-cuidados-com-excelencia-e-humanidade","status":"publish","type":"post","link":"https:\/\/www.davita.pt\/en\/davita-mafra-celebra-dois-anos-de-cuidados-com-excelencia-e-humanidade\/","title":{"rendered":"DaVita Mafra celebra dois anos de cuidados \u201ccom excel\u00eancia e humanidade\u201d"},"content":{"rendered":"<p>A DaVita Mafra assinala o seu segundo anivers\u00e1rio no dia 25 de agosto, celebrando um percurso de crescimento sustentado, dedica\u00e7\u00e3o e esp\u00edrito de equipa. Para o diretor cl\u00ednico, M\u00e1rio Raimundo, e a enfermeira-chefe, Ana Paula Pinho, estes dois anos representam a consolida\u00e7\u00e3o da cl\u00ednica como refer\u00eancia no tratamento de doentes renais cr\u00f3nicos em hemodi\u00e1lise, num caminho feito de rigor t\u00e9cnico e de proximidade humana.<\/p>\n<p>\u201cTem sido um percurso de conquistas di\u00e1rias, baseadas na qualidade e consist\u00eancia do trabalho desenvolvido pela nossa equipa multidisciplinar\u201d, refere Ana Paula Pinho, lembrando que os primeiros tempos foram marcados pelo desafio de come\u00e7ar do zero, conquistar a confian\u00e7a dos utentes e criar uma equipa coesa.<\/p>\n<p>Tamb\u00e9m M\u00e1rio Raimundo real\u00e7a a resili\u00eancia: \u201cO nosso maior triunfo foi consolidar, em t\u00e3o pouco tempo, uma pr\u00e1tica cl\u00ednica de excel\u00eancia, sempre centrada no doente, mas tamb\u00e9m atenta \u00e0 inova\u00e7\u00e3o e ao rigor cient\u00edfico.\u201d<\/p>\n<p>Localizada junto ao centro hist\u00f3rico de Mafra, a cl\u00ednica disp\u00f5e de tecnologia de ponta, estacionamento privativo e capacidade para acompanhar at\u00e9 160 utentes por semana. O acompanhamento \u00e9 assegurado por uma equipa multidisciplinar composta por m\u00e9dicos, enfermeiros, nutricionista, assistente social e farmac\u00eautico. \u201cNestes dois anos, constru\u00edmos muito mais do que um espa\u00e7o de tratamento: cri\u00e1mos uma segunda casa para os nossos doentes\u201d, acrescenta a enfermeira-chefe.<\/p>\n<p>Al\u00e9m da presta\u00e7\u00e3o de cuidados especializados e personalizados, a DaVita Mafra tem procurado afirmar-se como um polo de promo\u00e7\u00e3o de sa\u00fade. Ao longo destes dois anos, realizou sess\u00f5es de educa\u00e7\u00e3o para a sa\u00fade em escolas, rastreios em universidades seniores e mant\u00e9m uma estreita colabora\u00e7\u00e3o com o Centro de Sa\u00fade de Mafra, nomeadamente na \u00e1rea da vacina\u00e7\u00e3o e da preven\u00e7\u00e3o da doen\u00e7a renal. \u201cQueremos que a cl\u00ednica seja vista n\u00e3o s\u00f3 como um espa\u00e7o de tratamento, mas tamb\u00e9m como um parceiro ativo na promo\u00e7\u00e3o da sa\u00fade na regi\u00e3o\u201d, refor\u00e7a M\u00e1rio Raimundo.<\/p>\n<p>No dia a dia, a equipa de Enfermagem assume um papel central, pela proximidade que estabelece com os utentes. \u201cO enfermeiro \u00e9 o profissional que passa mais tempo com o doente, garantindo cuidados t\u00e9cnicos de excel\u00eancia e apoio emocional. Mas s\u00f3 conseguimos dar uma resposta plena gra\u00e7as \u00e0 articula\u00e7\u00e3o com toda a equipa\u201d, explica Ana Paula Pinho.<\/p>\n<p>O futuro traz novos projetos, entre os quais se destaca a implementa\u00e7\u00e3o da hemodi\u00e1lise longa noturna, permitindo compatibilizar os tratamentos com a vida profissional ativa dos utentes. \u201cO objetivo \u00e9 manter a excel\u00eancia, refor\u00e7ar a liga\u00e7\u00e3o \u00e0 comunidade e crescer de forma sustent\u00e1vel\u201d, sublinha a enfermeira-chefe.<\/p>\n<p>No dia de anivers\u00e1rio, as mensagens convergem no agradecimento e no compromisso. \u201cA todos os doentes pela confian\u00e7a e \u00e0 equipa pelo empenho di\u00e1rio, o meu profundo reconhecimento\u201d, afirma Ana Paula Pinho. J\u00e1 o diretor cl\u00ednico sublinha: \u201cCelebrar dois anos \u00e9 mais do que uma data; \u00e9 a confirma\u00e7\u00e3o de um compromisso di\u00e1rio com a vida e com o futuro da sa\u00fade renal em Mafra.\u201d<\/p>\n<p><img fetchpriority=\"high\" decoding=\"async\" class=\"size-large wp-image-61620 aligncenter\" title=\"DaVita Mafra celebra dois anos\" src=\"https:\/\/www.davita.pt\/wp-content\/uploads\/2025\/09\/DaVita-Mafra-celebra-dois-anos-1024x683.jpg\" alt=\"DaVita Mafra celebra dois anos\" width=\"1024\" height=\"683\" srcset=\"https:\/\/www.davita.pt\/wp-content\/uploads\/2025\/09\/DaVita-Mafra-celebra-dois-anos-1024x683.jpg 1024w, https:\/\/www.davita.pt\/wp-content\/uploads\/2025\/09\/DaVita-Mafra-celebra-dois-anos-300x200.jpg 300w, https:\/\/www.davita.pt\/wp-content\/uploads\/2025\/09\/DaVita-Mafra-celebra-dois-anos-768x512.jpg 768w, https:\/\/www.davita.pt\/wp-content\/uploads\/2025\/09\/DaVita-Mafra-celebra-dois-anos-1536x1024.jpg 1536w, https:\/\/www.davita.pt\/wp-content\/uploads\/2025\/09\/DaVita-Mafra-celebra-dois-anos-370x247.jpg 370w, https:\/\/www.davita.pt\/wp-content\/uploads\/2025\/09\/DaVita-Mafra-celebra-dois-anos-840x560.jpg 840w, https:\/\/www.davita.pt\/wp-content\/uploads\/2025\/09\/DaVita-Mafra-celebra-dois-anos-410x273.jpg 410w, https:\/\/www.davita.pt\/wp-content\/uploads\/2025\/09\/DaVita-Mafra-celebra-dois-anos-750x500.jpg 750w, https:\/\/www.davita.pt\/wp-content\/uploads\/2025\/09\/DaVita-Mafra-celebra-dois-anos.jpg 1920w\" sizes=\"(max-width: 1024px) 100vw, 1024px\" \/><\/p>","protected":false},"excerpt":{"rendered":"<p>A DaVita Mafra assinala o seu segundo anivers\u00e1rio no dia 25 de agosto, celebrando um&hellip;<\/p>","protected":false},"author":1,"featured_media":61620,"comment_status":"closed","ping_status":"closed","sticky":false,"template":"","format":"standard","meta":{"footnotes":""},"categories":[276],"tags":[],"class_list":["post-61619","post","type-post","status-publish","format-standard","has-post-thumbnail","hentry","category-noticias"],"yoast_head":"<!-- This site is optimized with the Yoast SEO plugin v27.5 - https:\/\/yoast.com\/product\/yoast-seo-wordpress\/ -->\n<title>DaVita Mafra celebra dois anos de cuidados \u201ccom excel\u00eancia e humanidade\u201d<\/title>\n<meta name=\"description\" content=\"A DaVita Mafra assinala o 2\u00ba anivers\u00e1rio dia 25 de agosto, celebrando um percurso de crescimento sustentado, dedica\u00e7\u00e3o e esp\u00edrito de equipa\" \/>\n<meta name=\"robots\" content=\"index, follow, max-snippet:-1, max-image-preview:large, max-video-preview:-1\" \/>\n<link rel=\"canonical\" href=\"https:\/\/www.davita.pt\/en\/davita-mafra-celebra-dois-anos-de-cuidados-com-excelencia-e-humanidade\/\" \/>\n<meta property=\"og:locale\" content=\"en_US\" \/>\n<meta property=\"og:type\" content=\"article\" \/>\n<meta property=\"og:title\" content=\"DaVita Mafra celebra dois anos de cuidados \u201ccom excel\u00eancia e humanidade\u201d\" \/>\n<meta property=\"og:description\" content=\"A DaVita Mafra assinala o 2\u00ba anivers\u00e1rio dia 25 de agosto, celebrando um percurso de crescimento sustentado, dedica\u00e7\u00e3o e esp\u00edrito de equipa\" \/>\n<meta property=\"og:url\" content=\"https:\/\/www.davita.pt\/en\/davita-mafra-celebra-dois-anos-de-cuidados-com-excelencia-e-humanidade\/\" \/>\n<meta property=\"og:site_name\" content=\"DaVita Portugal\" \/>\n<meta property=\"article:publisher\" content=\"https:\/\/www.facebook.com\/Davitaportugal\/\" \/>\n<meta property=\"article:published_time\" content=\"2025-09-04T16:41:56+00:00\" \/>\n<meta property=\"article:modified_time\" content=\"2025-09-04T16:43:37+00:00\" \/>\n<meta property=\"og:image\" content=\"https:\/\/www.davita.pt\/wp-content\/uploads\/2025\/09\/DaVita-Mafra-celebra-dois-anos.jpg\" \/>\n\t<meta property=\"og:image:width\" content=\"1920\" \/>\n\t<meta property=\"og:image:height\" content=\"1280\" \/>\n\t<meta property=\"og:image:type\" content=\"image\/jpeg\" \/>\n<meta name=\"author\" content=\"jadesignstudio\" \/>\n<meta name=\"twitter:card\" content=\"summary_large_image\" \/>\n<meta name=\"twitter:label1\" content=\"Written by\" \/>\n\t<meta name=\"twitter:data1\" content=\"jadesignstudio\" \/>\n\t<meta name=\"twitter:label2\" content=\"Est. reading time\" \/>\n\t<meta name=\"twitter:data2\" content=\"3 minutes\" \/>\n<script type=\"application\/ld+json\" class=\"yoast-schema-graph\">{\"@context\":\"https:\\\/\\\/schema.org\",\"@graph\":[{\"@type\":\"Article\",\"@id\":\"https:\\\/\\\/www.davita.pt\\\/davita-mafra-celebra-dois-anos-de-cuidados-com-excelencia-e-humanidade\\\/#article\",\"isPartOf\":{\"@id\":\"https:\\\/\\\/www.davita.pt\\\/davita-mafra-celebra-dois-anos-de-cuidados-com-excelencia-e-humanidade\\\/\"},\"author\":{\"name\":\"jadesignstudio\",\"@id\":\"https:\\\/\\\/www.davita.pt\\\/#\\\/schema\\\/person\\\/f32dbd6b2d272c3ab88f9fda6980d6fd\"},\"headline\":\"DaVita Mafra celebra dois anos de cuidados \u201ccom excel\u00eancia e humanidade\u201d\",\"datePublished\":\"2025-09-04T16:41:56+00:00\",\"dateModified\":\"2025-09-04T16:43:37+00:00\",\"mainEntityOfPage\":{\"@id\":\"https:\\\/\\\/www.davita.pt\\\/davita-mafra-celebra-dois-anos-de-cuidados-com-excelencia-e-humanidade\\\/\"},\"wordCount\":541,\"publisher\":{\"@id\":\"https:\\\/\\\/www.davita.pt\\\/#organization\"},\"image\":{\"@id\":\"https:\\\/\\\/www.davita.pt\\\/davita-mafra-celebra-dois-anos-de-cuidados-com-excelencia-e-humanidade\\\/#primaryimage\"},\"thumbnailUrl\":\"https:\\\/\\\/www.davita.pt\\\/wp-content\\\/uploads\\\/2025\\\/09\\\/DaVita-Mafra-celebra-dois-anos.jpg\",\"articleSection\":[\"Not\u00edcias\"],\"inLanguage\":\"en-US\"},{\"@type\":\"WebPage\",\"@id\":\"https:\\\/\\\/www.davita.pt\\\/davita-mafra-celebra-dois-anos-de-cuidados-com-excelencia-e-humanidade\\\/\",\"url\":\"https:\\\/\\\/www.davita.pt\\\/davita-mafra-celebra-dois-anos-de-cuidados-com-excelencia-e-humanidade\\\/\",\"name\":\"DaVita Mafra celebra dois anos de cuidados \u201ccom excel\u00eancia e humanidade\u201d\",\"isPartOf\":{\"@id\":\"https:\\\/\\\/www.davita.pt\\\/#website\"},\"primaryImageOfPage\":{\"@id\":\"https:\\\/\\\/www.davita.pt\\\/davita-mafra-celebra-dois-anos-de-cuidados-com-excelencia-e-humanidade\\\/#primaryimage\"},\"image\":{\"@id\":\"https:\\\/\\\/www.davita.pt\\\/davita-mafra-celebra-dois-anos-de-cuidados-com-excelencia-e-humanidade\\\/#primaryimage\"},\"thumbnailUrl\":\"https:\\\/\\\/www.davita.pt\\\/wp-content\\\/uploads\\\/2025\\\/09\\\/DaVita-Mafra-celebra-dois-anos.jpg\",\"datePublished\":\"2025-09-04T16:41:56+00:00\",\"dateModified\":\"2025-09-04T16:43:37+00:00\",\"description\":\"A DaVita Mafra assinala o 2\u00ba anivers\u00e1rio dia 25 de agosto, celebrando um percurso de crescimento sustentado, dedica\u00e7\u00e3o e esp\u00edrito de equipa\",\"breadcrumb\":{\"@id\":\"https:\\\/\\\/www.davita.pt\\\/davita-mafra-celebra-dois-anos-de-cuidados-com-excelencia-e-humanidade\\\/#breadcrumb\"},\"inLanguage\":\"en-US\",\"potentialAction\":[{\"@type\":\"ReadAction\",\"target\":[\"https:\\\/\\\/www.davita.pt\\\/davita-mafra-celebra-dois-anos-de-cuidados-com-excelencia-e-humanidade\\\/\"]}]},{\"@type\":\"ImageObject\",\"inLanguage\":\"en-US\",\"@id\":\"https:\\\/\\\/www.davita.pt\\\/davita-mafra-celebra-dois-anos-de-cuidados-com-excelencia-e-humanidade\\\/#primaryimage\",\"url\":\"https:\\\/\\\/www.davita.pt\\\/wp-content\\\/uploads\\\/2025\\\/09\\\/DaVita-Mafra-celebra-dois-anos.jpg\",\"contentUrl\":\"https:\\\/\\\/www.davita.pt\\\/wp-content\\\/uploads\\\/2025\\\/09\\\/DaVita-Mafra-celebra-dois-anos.jpg\",\"width\":1920,\"height\":1280,\"caption\":\"DaVita Mafra celebra dois anos\"},{\"@type\":\"BreadcrumbList\",\"@id\":\"https:\\\/\\\/www.davita.pt\\\/davita-mafra-celebra-dois-anos-de-cuidados-com-excelencia-e-humanidade\\\/#breadcrumb\",\"itemListElement\":[{\"@type\":\"ListItem\",\"position\":1,\"name\":\"Home\",\"item\":\"https:\\\/\\\/www.davita.pt\\\/\"},{\"@type\":\"ListItem\",\"position\":2,\"name\":\"DaVita Mafra celebra dois anos de cuidados \u201ccom excel\u00eancia e humanidade\u201d\"}]},{\"@type\":\"WebSite\",\"@id\":\"https:\\\/\\\/www.davita.pt\\\/#website\",\"url\":\"https:\\\/\\\/www.davita.pt\\\/\",\"name\":\"DaVita Portugal\",\"description\":\"\",\"publisher\":{\"@id\":\"https:\\\/\\\/www.davita.pt\\\/#organization\"},\"potentialAction\":[{\"@type\":\"SearchAction\",\"target\":{\"@type\":\"EntryPoint\",\"urlTemplate\":\"https:\\\/\\\/www.davita.pt\\\/?s={search_term_string}\"},\"query-input\":{\"@type\":\"PropertyValueSpecification\",\"valueRequired\":true,\"valueName\":\"search_term_string\"}}],\"inLanguage\":\"en-US\"},{\"@type\":\"Organization\",\"@id\":\"https:\\\/\\\/www.davita.pt\\\/#organization\",\"name\":\"DaVita Portugal\",\"alternateName\":\"IDC \u2013 International Dialysis Center, Lda.\",\"url\":\"https:\\\/\\\/www.davita.pt\\\/\",\"logo\":{\"@type\":\"ImageObject\",\"inLanguage\":\"en-US\",\"@id\":\"https:\\\/\\\/www.davita.pt\\\/#\\\/schema\\\/logo\\\/image\\\/\",\"url\":\"https:\\\/\\\/www.davita.pt\\\/wp-content\\\/uploads\\\/2024\\\/07\\\/13893_DaVita_Logo_RGB_2C_72dpi.png\",\"contentUrl\":\"https:\\\/\\\/www.davita.pt\\\/wp-content\\\/uploads\\\/2024\\\/07\\\/13893_DaVita_Logo_RGB_2C_72dpi.png\",\"width\":456,\"height\":175,\"caption\":\"DaVita Portugal\"},\"image\":{\"@id\":\"https:\\\/\\\/www.davita.pt\\\/#\\\/schema\\\/logo\\\/image\\\/\"},\"sameAs\":[\"https:\\\/\\\/www.facebook.com\\\/Davitaportugal\\\/\",\"https:\\\/\\\/www.linkedin.com\\\/company\\\/davitaportugal\\\/\"]},{\"@type\":\"Person\",\"@id\":\"https:\\\/\\\/www.davita.pt\\\/#\\\/schema\\\/person\\\/f32dbd6b2d272c3ab88f9fda6980d6fd\",\"name\":\"jadesignstudio\",\"image\":{\"@type\":\"ImageObject\",\"inLanguage\":\"en-US\",\"@id\":\"https:\\\/\\\/secure.gravatar.com\\\/avatar\\\/f7c9c0fd426d27c1548821044c7c7deb449e62c4254676f680136f4fdf718f4a?s=96&d=mm&r=g\",\"url\":\"https:\\\/\\\/secure.gravatar.com\\\/avatar\\\/f7c9c0fd426d27c1548821044c7c7deb449e62c4254676f680136f4fdf718f4a?s=96&d=mm&r=g\",\"contentUrl\":\"https:\\\/\\\/secure.gravatar.com\\\/avatar\\\/f7c9c0fd426d27c1548821044c7c7deb449e62c4254676f680136f4fdf718f4a?s=96&d=mm&r=g\",\"caption\":\"jadesignstudio\"},\"url\":\"https:\\\/\\\/www.davita.pt\\\/en\\\/author\\\/jadesignstudio\\\/\"}]}<\/script>\n<!-- \/ Yoast SEO plugin. -->","yoast_head_json":{"title":"DaVita Mafra celebra dois anos de cuidados \u201ccom excel\u00eancia e humanidade\u201d","description":"A DaVita Mafra assinala o 2\u00ba anivers\u00e1rio dia 25 de agosto, celebrando um percurso de crescimento sustentado, dedica\u00e7\u00e3o e esp\u00edrito de equipa","robots":{"index":"index","follow":"follow","max-snippet":"max-snippet:-1","max-image-preview":"max-image-preview:large","max-video-preview":"max-video-preview:-1"},"canonical":"https:\/\/www.davita.pt\/en\/davita-mafra-celebra-dois-anos-de-cuidados-com-excelencia-e-humanidade\/","og_locale":"en_US","og_type":"article","og_title":"DaVita Mafra celebra dois anos de cuidados \u201ccom excel\u00eancia e humanidade\u201d","og_description":"A DaVita Mafra assinala o 2\u00ba anivers\u00e1rio dia 25 de agosto, celebrando um percurso de crescimento sustentado, dedica\u00e7\u00e3o e esp\u00edrito de equipa","og_url":"https:\/\/www.davita.pt\/en\/davita-mafra-celebra-dois-anos-de-cuidados-com-excelencia-e-humanidade\/","og_site_name":"DaVita Portugal","article_publisher":"https:\/\/www.facebook.com\/Davitaportugal\/","article_published_time":"2025-09-04T16:41:56+00:00","article_modified_time":"2025-09-04T16:43:37+00:00","og_image":[{"width":1920,"height":1280,"url":"https:\/\/www.davita.pt\/wp-content\/uploads\/2025\/09\/DaVita-Mafra-celebra-dois-anos.jpg","type":"image\/jpeg"}],"author":"jadesignstudio","twitter_card":"summary_large_image","twitter_misc":{"Written by":"jadesignstudio","Est. reading time":"3 minutes"},"schema":{"@context":"https:\/\/schema.org","@graph":[{"@type":"Article","@id":"https:\/\/www.davita.pt\/davita-mafra-celebra-dois-anos-de-cuidados-com-excelencia-e-humanidade\/#article","isPartOf":{"@id":"https:\/\/www.davita.pt\/davita-mafra-celebra-dois-anos-de-cuidados-com-excelencia-e-humanidade\/"},"author":{"name":"jadesignstudio","@id":"https:\/\/www.davita.pt\/#\/schema\/person\/f32dbd6b2d272c3ab88f9fda6980d6fd"},"headline":"DaVita Mafra celebra dois anos de cuidados \u201ccom excel\u00eancia e humanidade\u201d","datePublished":"2025-09-04T16:41:56+00:00","dateModified":"2025-09-04T16:43:37+00:00","mainEntityOfPage":{"@id":"https:\/\/www.davita.pt\/davita-mafra-celebra-dois-anos-de-cuidados-com-excelencia-e-humanidade\/"},"wordCount":541,"publisher":{"@id":"https:\/\/www.davita.pt\/#organization"},"image":{"@id":"https:\/\/www.davita.pt\/davita-mafra-celebra-dois-anos-de-cuidados-com-excelencia-e-humanidade\/#primaryimage"},"thumbnailUrl":"https:\/\/www.davita.pt\/wp-content\/uploads\/2025\/09\/DaVita-Mafra-celebra-dois-anos.jpg","articleSection":["Not\u00edcias"],"inLanguage":"en-US"},{"@type":"WebPage","@id":"https:\/\/www.davita.pt\/davita-mafra-celebra-dois-anos-de-cuidados-com-excelencia-e-humanidade\/","url":"https:\/\/www.davita.pt\/davita-mafra-celebra-dois-anos-de-cuidados-com-excelencia-e-humanidade\/","name":"DaVita Mafra celebra dois anos de cuidados \u201ccom excel\u00eancia e humanidade\u201d","isPartOf":{"@id":"https:\/\/www.davita.pt\/#website"},"primaryImageOfPage":{"@id":"https:\/\/www.davita.pt\/davita-mafra-celebra-dois-anos-de-cuidados-com-excelencia-e-humanidade\/#primaryimage"},"image":{"@id":"https:\/\/www.davita.pt\/davita-mafra-celebra-dois-anos-de-cuidados-com-excelencia-e-humanidade\/#primaryimage"},"thumbnailUrl":"https:\/\/www.davita.pt\/wp-content\/uploads\/2025\/09\/DaVita-Mafra-celebra-dois-anos.jpg","datePublished":"2025-09-04T16:41:56+00:00","dateModified":"2025-09-04T16:43:37+00:00","description":"A DaVita Mafra assinala o 2\u00ba anivers\u00e1rio dia 25 de agosto, celebrando um percurso de crescimento sustentado, dedica\u00e7\u00e3o e esp\u00edrito de equipa","breadcrumb":{"@id":"https:\/\/www.davita.pt\/davita-mafra-celebra-dois-anos-de-cuidados-com-excelencia-e-humanidade\/#breadcrumb"},"inLanguage":"en-US","potentialAction":[{"@type":"ReadAction","target":["https:\/\/www.davita.pt\/davita-mafra-celebra-dois-anos-de-cuidados-com-excelencia-e-humanidade\/"]}]},{"@type":"ImageObject","inLanguage":"en-US","@id":"https:\/\/www.davita.pt\/davita-mafra-celebra-dois-anos-de-cuidados-com-excelencia-e-humanidade\/#primaryimage","url":"https:\/\/www.davita.pt\/wp-content\/uploads\/2025\/09\/DaVita-Mafra-celebra-dois-anos.jpg","contentUrl":"https:\/\/www.davita.pt\/wp-content\/uploads\/2025\/09\/DaVita-Mafra-celebra-dois-anos.jpg","width":1920,"height":1280,"caption":"DaVita Mafra celebra dois anos"},{"@type":"BreadcrumbList","@id":"https:\/\/www.davita.pt\/davita-mafra-celebra-dois-anos-de-cuidados-com-excelencia-e-humanidade\/#breadcrumb","itemListElement":[{"@type":"ListItem","position":1,"name":"Home","item":"https:\/\/www.davita.pt\/"},{"@type":"ListItem","position":2,"name":"DaVita Mafra celebra dois anos de cuidados \u201ccom excel\u00eancia e humanidade\u201d"}]},{"@type":"WebSite","@id":"https:\/\/www.davita.pt\/#website","url":"https:\/\/www.davita.pt\/","name":"DaVita Portugal","description":"","publisher":{"@id":"https:\/\/www.davita.pt\/#organization"},"potentialAction":[{"@type":"SearchAction","target":{"@type":"EntryPoint","urlTemplate":"https:\/\/www.davita.pt\/?s={search_term_string}"},"query-input":{"@type":"PropertyValueSpecification","valueRequired":true,"valueName":"search_term_string"}}],"inLanguage":"en-US"},{"@type":"Organization","@id":"https:\/\/www.davita.pt\/#organization","name":"DaVita Portugal","alternateName":"IDC \u2013 International Dialysis Center, Lda.","url":"https:\/\/www.davita.pt\/","logo":{"@type":"ImageObject","inLanguage":"en-US","@id":"https:\/\/www.davita.pt\/#\/schema\/logo\/image\/","url":"https:\/\/www.davita.pt\/wp-content\/uploads\/2024\/07\/13893_DaVita_Logo_RGB_2C_72dpi.png","contentUrl":"https:\/\/www.davita.pt\/wp-content\/uploads\/2024\/07\/13893_DaVita_Logo_RGB_2C_72dpi.png","width":456,"height":175,"caption":"DaVita Portugal"},"image":{"@id":"https:\/\/www.davita.pt\/#\/schema\/logo\/image\/"},"sameAs":["https:\/\/www.facebook.com\/Davitaportugal\/","https:\/\/www.linkedin.com\/company\/davitaportugal\/"]},{"@type":"Person","@id":"https:\/\/www.davita.pt\/#\/schema\/person\/f32dbd6b2d272c3ab88f9fda6980d6fd","name":"jadesignstudio","image":{"@type":"ImageObject","inLanguage":"en-US","@id":"https:\/\/secure.gravatar.com\/avatar\/f7c9c0fd426d27c1548821044c7c7deb449e62c4254676f680136f4fdf718f4a?s=96&d=mm&r=g","url":"https:\/\/secure.gravatar.com\/avatar\/f7c9c0fd426d27c1548821044c7c7deb449e62c4254676f680136f4fdf718f4a?s=96&d=mm&r=g","contentUrl":"https:\/\/secure.gravatar.com\/avatar\/f7c9c0fd426d27c1548821044c7c7deb449e62c4254676f680136f4fdf718f4a?s=96&d=mm&r=g","caption":"jadesignstudio"},"url":"https:\/\/www.davita.pt\/en\/author\/jadesignstudio\/"}]}},"_links":{"self":[{"href":"https:\/\/www.davita.pt\/en\/wp-json\/wp\/v2\/posts\/61619","targetHints":{"allow":["GET"]}}],"collection":[{"href":"https:\/\/www.davita.pt\/en\/wp-json\/wp\/v2\/posts"}],"about":[{"href":"https:\/\/www.davita.pt\/en\/wp-json\/wp\/v2\/types\/post"}],"author":[{"embeddable":true,"href":"https:\/\/www.davita.pt\/en\/wp-json\/wp\/v2\/users\/1"}],"replies":[{"embeddable":true,"href":"https:\/\/www.davita.pt\/en\/wp-json\/wp\/v2\/comments?post=61619"}],"version-history":[{"count":2,"href":"https:\/\/www.davita.pt\/en\/wp-json\/wp\/v2\/posts\/61619\/revisions"}],"predecessor-version":[{"id":61622,"href":"https:\/\/www.davita.pt\/en\/wp-json\/wp\/v2\/posts\/61619\/revisions\/61622"}],"wp:featuredmedia":[{"embeddable":true,"href":"https:\/\/www.davita.pt\/en\/wp-json\/wp\/v2\/media\/61620"}],"wp:attachment":[{"href":"https:\/\/www.davita.pt\/en\/wp-json\/wp\/v2\/media?parent=61619"}],"wp:term":[{"taxonomy":"category","embeddable":true,"href":"https:\/\/www.davita.pt\/en\/wp-json\/wp\/v2\/categories?post=61619"},{"taxonomy":"post_tag","embeddable":true,"href":"https:\/\/www.davita.pt\/en\/wp-json\/wp\/v2\/tags?post=61619"}],"curies":[{"name":"wp","href":"https:\/\/api.w.org\/{rel}","templated":true}]}}