{"id":60361,"date":"2025-05-07T09:41:53","date_gmt":"2025-05-07T08:41:53","guid":{"rendered":"https:\/\/www.davita.pt\/?p=60361"},"modified":"2025-08-22T17:40:43","modified_gmt":"2025-08-22T16:40:43","slug":"quando-penso-em-africa-a-memoria-mais-forte-e-o-olfato","status":"publish","type":"post","link":"https:\/\/www.davita.pt\/en\/quando-penso-em-africa-a-memoria-mais-forte-e-o-olfato\/","title":{"rendered":"When I think of Africa, my strongest memory is the smell"},"content":{"rendered":"<blockquote><p><em><strong>When I think of Africa, my strongest memory is the smell\u00a0<\/strong><\/em><\/p>\n<p><em><strong>Este pa\u00eds transborda o cheiro a terra e a plantas.<\/strong><\/em><\/p>\n<p><em><strong>Mas, o sentimento que me absorve quando paro para pensar, \u00e9 a felicidade.<\/strong><\/em><\/p><\/blockquote>\n<p>&nbsp;<\/p>\n<p>Foi com imenso orgulho e gratid\u00e3o que embarquei nesta miss\u00e3o.<br \/>\nCheia de medos, quest\u00f5es. Imagine-se que seria a minha primeira viagem sozinha.<br \/>\nMas foi t\u00e3o mais do que aquilo que esperei, que \u00e9 quase imposs\u00edvel traduzi-lo em palavras.<\/p>\n<p>Os sorrisos, a verdade e o carinho com que nos recebem \u00e9 t\u00e3o bom.<br \/>\nSempre sonhei poder participar em algo assim. Acreditei sempre, agora mais que nunca, que a vida \u00e9 t\u00e3o mais do que aquilo que temos. E s\u00f3 saindo da nossa zona de conforto, conseguimos perceber a for\u00e7a do amor, do bem querer e da humanidade. Esta viagem ensinou-me tantas coisas.<\/p>\n<p>Dei-lhes o melhor de mim, tentei abstrair-me de todos os pormenores da minha vida que pudessem perturbar a minha dedica\u00e7\u00e3o naquela miss\u00e3o.<br \/>\nTentei honrar aquilo que a minha profiss\u00e3o representa. Rastreei, fiz ensinos, escutei. Cuidei.<br \/>\nSorri tanto, chorei, abracei, dancei, saltei at\u00e9 n\u00e3o conseguir mais.<br \/>\nE o mais engra\u00e7ado, \u00e9 que no meio de tudo isto, ainda tive tempo para conhecer pessoas incr\u00edveis, ouvir testemunhos, partilhar ideias e realidades.<\/p>\n<p>O ponto forte desta miss\u00e3o foi a equipa.<br \/>\nTanta sintonia, tanta cumplicidade, tanto companheirismo que foi, at\u00e9 para mim, dif\u00edcil de acreditar que era a primeira vez que est\u00e1vamos juntos.<\/p>\n<p>O BOL faz um trabalho incr\u00edvel. Parab\u00e9ns.<br \/>\nFizemos mais do que aquilo que eu imaginava poss\u00edvel.<br \/>\nParab\u00e9ns tamb\u00e9m ao GLI, senti-me em casa em Entusi.<\/p>\n<p><strong>A maior li\u00e7\u00e3o que tirei desta miss\u00e3o, foi a esperan\u00e7a.<br \/>\nA esperan\u00e7a num Mundo melhor, num acesso a cuidados de sa\u00fade melhor. No bem, no poder da uni\u00e3o. Nas pessoas. No amor e nas suas m\u00faltiplas formas.<br \/>\nEsperan\u00e7a essa, que vi, todos os dias, no sorriso daquelas crian\u00e7as.<br \/>\nE nos nossos tamb\u00e9m.<\/strong><\/p>\n<p><strong>Esta miss\u00e3o encheu-me o cora\u00e7\u00e3o, de uma forma t\u00e3o especial que, hoje n\u00e3o sou a mesma pessoa. Sou um pouco de tudo que dei, um pouco de tudo que recebi.<\/strong><\/p>\n<p>Enquanto l\u00e1 estive os sentimentos transbordaram. E foram tantos.<br \/>\nSou muito grata a toda a minha equipa por isso. Pelo apoio, incentivo e por pertencer a um grupo de profissionais t\u00e3o competentes e especiais, que at\u00e9 do outro lado do mundo me fazem sentir orgulho de poder cuidar de doentes, juntamente, com todos eles.<br \/>\nParab\u00e9ns Davita Gondomar.<\/p>\n<p>Hoje em casa a escrever este texto, j\u00e1 algum tempo depois, consigo sentir tudo de novo. A saudade, a energia.<br \/>\nFoi sem d\u00favida, das melhores coisas que j\u00e1 vivi. E assim como as melhores coisas da vida, ser\u00e1 certamente eterno.<\/p>\n<p><strong><em>Daniela S\u00e1, DaVita Nurse at the Gondomar unit in Mission BoL, Uganda<\/em><\/strong><\/p>","protected":false},"excerpt":{"rendered":"<p>Quando penso em \u00c1frica, a mem\u00f3ria mais forte \u00e9 o olfato.\u00a0 Este pa\u00eds transborda o&hellip;<\/p>","protected":false},"author":1,"featured_media":59419,"comment_status":"closed","ping_status":"closed","sticky":false,"template":"","format":"standard","meta":{"footnotes":""},"categories":[299],"tags":[],"class_list":["post-60361","post","type-post","status-publish","format-standard","has-post-thumbnail","hentry","category-testemunhos"],"yoast_head":"<!-- This site is optimized with the Yoast SEO plugin v27.5 - https:\/\/yoast.com\/product\/yoast-seo-wordpress\/ -->\n<title>Quando penso em \u00c1frica, a mem\u00f3ria mais forte \u00e9 o olfato. - DaVita Portugal<\/title>\n<meta name=\"description\" content=\"Quando penso em \u00c1frica, a mem\u00f3ria mais forte \u00e9 o olfato.\u00a0Este pa\u00eds transborda o cheiro a terra e a plantas.Mas, o sentimento que me absorve quando paro para pensar, \u00e9 a felicidade.\" \/>\n<meta name=\"robots\" content=\"index, follow, max-snippet:-1, max-image-preview:large, max-video-preview:-1\" \/>\n<link rel=\"canonical\" href=\"https:\/\/www.davita.pt\/en\/quando-penso-em-africa-a-memoria-mais-forte-e-o-olfato\/\" \/>\n<meta property=\"og:locale\" content=\"en_US\" \/>\n<meta property=\"og:type\" content=\"article\" \/>\n<meta property=\"og:title\" content=\"Quando penso em \u00c1frica, a mem\u00f3ria mais forte \u00e9 o olfato. - DaVita Portugal\" \/>\n<meta property=\"og:description\" content=\"Quando penso em \u00c1frica, a mem\u00f3ria mais forte \u00e9 o olfato.\u00a0Este pa\u00eds transborda o cheiro a terra e a plantas.Mas, o sentimento que me absorve quando paro para pensar, \u00e9 a felicidade.\" \/>\n<meta property=\"og:url\" content=\"https:\/\/www.davita.pt\/en\/quando-penso-em-africa-a-memoria-mais-forte-e-o-olfato\/\" \/>\n<meta property=\"og:site_name\" content=\"DaVita Portugal\" \/>\n<meta property=\"article:publisher\" content=\"https:\/\/www.facebook.com\/Davitaportugal\/\" \/>\n<meta property=\"article:published_time\" content=\"2025-05-07T08:41:53+00:00\" \/>\n<meta property=\"article:modified_time\" content=\"2025-08-22T16:40:43+00:00\" \/>\n<meta property=\"og:image\" content=\"https:\/\/www.davita.pt\/wp-content\/uploads\/2025\/04\/daniela_sa.jpg\" \/>\n\t<meta property=\"og:image:width\" content=\"1200\" \/>\n\t<meta property=\"og:image:height\" content=\"1600\" \/>\n\t<meta property=\"og:image:type\" content=\"image\/jpeg\" \/>\n<meta name=\"author\" content=\"jadesignstudio\" \/>\n<meta name=\"twitter:card\" content=\"summary_large_image\" \/>\n<meta name=\"twitter:label1\" content=\"Written by\" \/>\n\t<meta name=\"twitter:data1\" content=\"jadesignstudio\" \/>\n\t<meta name=\"twitter:label2\" content=\"Est. reading time\" \/>\n\t<meta name=\"twitter:data2\" content=\"3 minutes\" \/>\n<script type=\"application\/ld+json\" class=\"yoast-schema-graph\">{\"@context\":\"https:\\\/\\\/schema.org\",\"@graph\":[{\"@type\":\"Article\",\"@id\":\"https:\\\/\\\/www.davita.pt\\\/quando-penso-em-africa-a-memoria-mais-forte-e-o-olfato\\\/#article\",\"isPartOf\":{\"@id\":\"https:\\\/\\\/www.davita.pt\\\/quando-penso-em-africa-a-memoria-mais-forte-e-o-olfato\\\/\"},\"author\":{\"name\":\"jadesignstudio\",\"@id\":\"https:\\\/\\\/www.davita.pt\\\/#\\\/schema\\\/person\\\/f32dbd6b2d272c3ab88f9fda6980d6fd\"},\"headline\":\"Quando penso em \u00c1frica, a mem\u00f3ria mais forte \u00e9 o olfato.\",\"datePublished\":\"2025-05-07T08:41:53+00:00\",\"dateModified\":\"2025-08-22T16:40:43+00:00\",\"mainEntityOfPage\":{\"@id\":\"https:\\\/\\\/www.davita.pt\\\/quando-penso-em-africa-a-memoria-mais-forte-e-o-olfato\\\/\"},\"wordCount\":500,\"publisher\":{\"@id\":\"https:\\\/\\\/www.davita.pt\\\/#organization\"},\"image\":{\"@id\":\"https:\\\/\\\/www.davita.pt\\\/quando-penso-em-africa-a-memoria-mais-forte-e-o-olfato\\\/#primaryimage\"},\"thumbnailUrl\":\"https:\\\/\\\/www.davita.pt\\\/wp-content\\\/uploads\\\/2025\\\/04\\\/daniela_sa.jpg\",\"articleSection\":[\"Testemunhos\"],\"inLanguage\":\"en-US\"},{\"@type\":\"WebPage\",\"@id\":\"https:\\\/\\\/www.davita.pt\\\/quando-penso-em-africa-a-memoria-mais-forte-e-o-olfato\\\/\",\"url\":\"https:\\\/\\\/www.davita.pt\\\/quando-penso-em-africa-a-memoria-mais-forte-e-o-olfato\\\/\",\"name\":\"Quando penso em \u00c1frica, a mem\u00f3ria mais forte \u00e9 o olfato. - DaVita Portugal\",\"isPartOf\":{\"@id\":\"https:\\\/\\\/www.davita.pt\\\/#website\"},\"primaryImageOfPage\":{\"@id\":\"https:\\\/\\\/www.davita.pt\\\/quando-penso-em-africa-a-memoria-mais-forte-e-o-olfato\\\/#primaryimage\"},\"image\":{\"@id\":\"https:\\\/\\\/www.davita.pt\\\/quando-penso-em-africa-a-memoria-mais-forte-e-o-olfato\\\/#primaryimage\"},\"thumbnailUrl\":\"https:\\\/\\\/www.davita.pt\\\/wp-content\\\/uploads\\\/2025\\\/04\\\/daniela_sa.jpg\",\"datePublished\":\"2025-05-07T08:41:53+00:00\",\"dateModified\":\"2025-08-22T16:40:43+00:00\",\"description\":\"Quando penso em \u00c1frica, a mem\u00f3ria mais forte \u00e9 o olfato.\u00a0Este pa\u00eds transborda o cheiro a terra e a plantas.Mas, o sentimento que me absorve quando paro para pensar, \u00e9 a felicidade.\",\"breadcrumb\":{\"@id\":\"https:\\\/\\\/www.davita.pt\\\/quando-penso-em-africa-a-memoria-mais-forte-e-o-olfato\\\/#breadcrumb\"},\"inLanguage\":\"en-US\",\"potentialAction\":[{\"@type\":\"ReadAction\",\"target\":[\"https:\\\/\\\/www.davita.pt\\\/quando-penso-em-africa-a-memoria-mais-forte-e-o-olfato\\\/\"]}]},{\"@type\":\"ImageObject\",\"inLanguage\":\"en-US\",\"@id\":\"https:\\\/\\\/www.davita.pt\\\/quando-penso-em-africa-a-memoria-mais-forte-e-o-olfato\\\/#primaryimage\",\"url\":\"https:\\\/\\\/www.davita.pt\\\/wp-content\\\/uploads\\\/2025\\\/04\\\/daniela_sa.jpg\",\"contentUrl\":\"https:\\\/\\\/www.davita.pt\\\/wp-content\\\/uploads\\\/2025\\\/04\\\/daniela_sa.jpg\",\"width\":1200,\"height\":1600,\"caption\":\"daniela sa\"},{\"@type\":\"BreadcrumbList\",\"@id\":\"https:\\\/\\\/www.davita.pt\\\/quando-penso-em-africa-a-memoria-mais-forte-e-o-olfato\\\/#breadcrumb\",\"itemListElement\":[{\"@type\":\"ListItem\",\"position\":1,\"name\":\"Home\",\"item\":\"https:\\\/\\\/www.davita.pt\\\/\"},{\"@type\":\"ListItem\",\"position\":2,\"name\":\"Quando penso em \u00c1frica, a mem\u00f3ria mais forte \u00e9 o olfato.\"}]},{\"@type\":\"WebSite\",\"@id\":\"https:\\\/\\\/www.davita.pt\\\/#website\",\"url\":\"https:\\\/\\\/www.davita.pt\\\/\",\"name\":\"DaVita Portugal\",\"description\":\"\",\"publisher\":{\"@id\":\"https:\\\/\\\/www.davita.pt\\\/#organization\"},\"potentialAction\":[{\"@type\":\"SearchAction\",\"target\":{\"@type\":\"EntryPoint\",\"urlTemplate\":\"https:\\\/\\\/www.davita.pt\\\/?s={search_term_string}\"},\"query-input\":{\"@type\":\"PropertyValueSpecification\",\"valueRequired\":true,\"valueName\":\"search_term_string\"}}],\"inLanguage\":\"en-US\"},{\"@type\":\"Organization\",\"@id\":\"https:\\\/\\\/www.davita.pt\\\/#organization\",\"name\":\"DaVita Portugal\",\"alternateName\":\"IDC \u2013 International Dialysis Center, Lda.\",\"url\":\"https:\\\/\\\/www.davita.pt\\\/\",\"logo\":{\"@type\":\"ImageObject\",\"inLanguage\":\"en-US\",\"@id\":\"https:\\\/\\\/www.davita.pt\\\/#\\\/schema\\\/logo\\\/image\\\/\",\"url\":\"https:\\\/\\\/www.davita.pt\\\/wp-content\\\/uploads\\\/2024\\\/07\\\/13893_DaVita_Logo_RGB_2C_72dpi.png\",\"contentUrl\":\"https:\\\/\\\/www.davita.pt\\\/wp-content\\\/uploads\\\/2024\\\/07\\\/13893_DaVita_Logo_RGB_2C_72dpi.png\",\"width\":456,\"height\":175,\"caption\":\"DaVita Portugal\"},\"image\":{\"@id\":\"https:\\\/\\\/www.davita.pt\\\/#\\\/schema\\\/logo\\\/image\\\/\"},\"sameAs\":[\"https:\\\/\\\/www.facebook.com\\\/Davitaportugal\\\/\",\"https:\\\/\\\/www.linkedin.com\\\/company\\\/davitaportugal\\\/\"]},{\"@type\":\"Person\",\"@id\":\"https:\\\/\\\/www.davita.pt\\\/#\\\/schema\\\/person\\\/f32dbd6b2d272c3ab88f9fda6980d6fd\",\"name\":\"jadesignstudio\",\"image\":{\"@type\":\"ImageObject\",\"inLanguage\":\"en-US\",\"@id\":\"https:\\\/\\\/secure.gravatar.com\\\/avatar\\\/f7c9c0fd426d27c1548821044c7c7deb449e62c4254676f680136f4fdf718f4a?s=96&d=mm&r=g\",\"url\":\"https:\\\/\\\/secure.gravatar.com\\\/avatar\\\/f7c9c0fd426d27c1548821044c7c7deb449e62c4254676f680136f4fdf718f4a?s=96&d=mm&r=g\",\"contentUrl\":\"https:\\\/\\\/secure.gravatar.com\\\/avatar\\\/f7c9c0fd426d27c1548821044c7c7deb449e62c4254676f680136f4fdf718f4a?s=96&d=mm&r=g\",\"caption\":\"jadesignstudio\"},\"url\":\"https:\\\/\\\/www.davita.pt\\\/en\\\/author\\\/jadesignstudio\\\/\"}]}<\/script>\n<!-- \/ Yoast SEO plugin. -->","yoast_head_json":{"title":"Quando penso em \u00c1frica, a mem\u00f3ria mais forte \u00e9 o olfato. - DaVita Portugal","description":"Quando penso em \u00c1frica, a mem\u00f3ria mais forte \u00e9 o olfato.\u00a0Este pa\u00eds transborda o cheiro a terra e a plantas.Mas, o sentimento que me absorve quando paro para pensar, \u00e9 a felicidade.","robots":{"index":"index","follow":"follow","max-snippet":"max-snippet:-1","max-image-preview":"max-image-preview:large","max-video-preview":"max-video-preview:-1"},"canonical":"https:\/\/www.davita.pt\/en\/quando-penso-em-africa-a-memoria-mais-forte-e-o-olfato\/","og_locale":"en_US","og_type":"article","og_title":"Quando penso em \u00c1frica, a mem\u00f3ria mais forte \u00e9 o olfato. - DaVita Portugal","og_description":"Quando penso em \u00c1frica, a mem\u00f3ria mais forte \u00e9 o olfato.\u00a0Este pa\u00eds transborda o cheiro a terra e a plantas.Mas, o sentimento que me absorve quando paro para pensar, \u00e9 a felicidade.","og_url":"https:\/\/www.davita.pt\/en\/quando-penso-em-africa-a-memoria-mais-forte-e-o-olfato\/","og_site_name":"DaVita Portugal","article_publisher":"https:\/\/www.facebook.com\/Davitaportugal\/","article_published_time":"2025-05-07T08:41:53+00:00","article_modified_time":"2025-08-22T16:40:43+00:00","og_image":[{"width":1200,"height":1600,"url":"https:\/\/www.davita.pt\/wp-content\/uploads\/2025\/04\/daniela_sa.jpg","type":"image\/jpeg"}],"author":"jadesignstudio","twitter_card":"summary_large_image","twitter_misc":{"Written by":"jadesignstudio","Est. reading time":"3 minutes"},"schema":{"@context":"https:\/\/schema.org","@graph":[{"@type":"Article","@id":"https:\/\/www.davita.pt\/quando-penso-em-africa-a-memoria-mais-forte-e-o-olfato\/#article","isPartOf":{"@id":"https:\/\/www.davita.pt\/quando-penso-em-africa-a-memoria-mais-forte-e-o-olfato\/"},"author":{"name":"jadesignstudio","@id":"https:\/\/www.davita.pt\/#\/schema\/person\/f32dbd6b2d272c3ab88f9fda6980d6fd"},"headline":"Quando penso em \u00c1frica, a mem\u00f3ria mais forte \u00e9 o olfato.","datePublished":"2025-05-07T08:41:53+00:00","dateModified":"2025-08-22T16:40:43+00:00","mainEntityOfPage":{"@id":"https:\/\/www.davita.pt\/quando-penso-em-africa-a-memoria-mais-forte-e-o-olfato\/"},"wordCount":500,"publisher":{"@id":"https:\/\/www.davita.pt\/#organization"},"image":{"@id":"https:\/\/www.davita.pt\/quando-penso-em-africa-a-memoria-mais-forte-e-o-olfato\/#primaryimage"},"thumbnailUrl":"https:\/\/www.davita.pt\/wp-content\/uploads\/2025\/04\/daniela_sa.jpg","articleSection":["Testemunhos"],"inLanguage":"en-US"},{"@type":"WebPage","@id":"https:\/\/www.davita.pt\/quando-penso-em-africa-a-memoria-mais-forte-e-o-olfato\/","url":"https:\/\/www.davita.pt\/quando-penso-em-africa-a-memoria-mais-forte-e-o-olfato\/","name":"Quando penso em \u00c1frica, a mem\u00f3ria mais forte \u00e9 o olfato. - DaVita Portugal","isPartOf":{"@id":"https:\/\/www.davita.pt\/#website"},"primaryImageOfPage":{"@id":"https:\/\/www.davita.pt\/quando-penso-em-africa-a-memoria-mais-forte-e-o-olfato\/#primaryimage"},"image":{"@id":"https:\/\/www.davita.pt\/quando-penso-em-africa-a-memoria-mais-forte-e-o-olfato\/#primaryimage"},"thumbnailUrl":"https:\/\/www.davita.pt\/wp-content\/uploads\/2025\/04\/daniela_sa.jpg","datePublished":"2025-05-07T08:41:53+00:00","dateModified":"2025-08-22T16:40:43+00:00","description":"Quando penso em \u00c1frica, a mem\u00f3ria mais forte \u00e9 o olfato.\u00a0Este pa\u00eds transborda o cheiro a terra e a plantas.Mas, o sentimento que me absorve quando paro para pensar, \u00e9 a felicidade.","breadcrumb":{"@id":"https:\/\/www.davita.pt\/quando-penso-em-africa-a-memoria-mais-forte-e-o-olfato\/#breadcrumb"},"inLanguage":"en-US","potentialAction":[{"@type":"ReadAction","target":["https:\/\/www.davita.pt\/quando-penso-em-africa-a-memoria-mais-forte-e-o-olfato\/"]}]},{"@type":"ImageObject","inLanguage":"en-US","@id":"https:\/\/www.davita.pt\/quando-penso-em-africa-a-memoria-mais-forte-e-o-olfato\/#primaryimage","url":"https:\/\/www.davita.pt\/wp-content\/uploads\/2025\/04\/daniela_sa.jpg","contentUrl":"https:\/\/www.davita.pt\/wp-content\/uploads\/2025\/04\/daniela_sa.jpg","width":1200,"height":1600,"caption":"daniela sa"},{"@type":"BreadcrumbList","@id":"https:\/\/www.davita.pt\/quando-penso-em-africa-a-memoria-mais-forte-e-o-olfato\/#breadcrumb","itemListElement":[{"@type":"ListItem","position":1,"name":"Home","item":"https:\/\/www.davita.pt\/"},{"@type":"ListItem","position":2,"name":"Quando penso em \u00c1frica, a mem\u00f3ria mais forte \u00e9 o olfato."}]},{"@type":"WebSite","@id":"https:\/\/www.davita.pt\/#website","url":"https:\/\/www.davita.pt\/","name":"DaVita Portugal","description":"","publisher":{"@id":"https:\/\/www.davita.pt\/#organization"},"potentialAction":[{"@type":"SearchAction","target":{"@type":"EntryPoint","urlTemplate":"https:\/\/www.davita.pt\/?s={search_term_string}"},"query-input":{"@type":"PropertyValueSpecification","valueRequired":true,"valueName":"search_term_string"}}],"inLanguage":"en-US"},{"@type":"Organization","@id":"https:\/\/www.davita.pt\/#organization","name":"DaVita Portugal","alternateName":"IDC \u2013 International Dialysis Center, Lda.","url":"https:\/\/www.davita.pt\/","logo":{"@type":"ImageObject","inLanguage":"en-US","@id":"https:\/\/www.davita.pt\/#\/schema\/logo\/image\/","url":"https:\/\/www.davita.pt\/wp-content\/uploads\/2024\/07\/13893_DaVita_Logo_RGB_2C_72dpi.png","contentUrl":"https:\/\/www.davita.pt\/wp-content\/uploads\/2024\/07\/13893_DaVita_Logo_RGB_2C_72dpi.png","width":456,"height":175,"caption":"DaVita Portugal"},"image":{"@id":"https:\/\/www.davita.pt\/#\/schema\/logo\/image\/"},"sameAs":["https:\/\/www.facebook.com\/Davitaportugal\/","https:\/\/www.linkedin.com\/company\/davitaportugal\/"]},{"@type":"Person","@id":"https:\/\/www.davita.pt\/#\/schema\/person\/f32dbd6b2d272c3ab88f9fda6980d6fd","name":"jadesignstudio","image":{"@type":"ImageObject","inLanguage":"en-US","@id":"https:\/\/secure.gravatar.com\/avatar\/f7c9c0fd426d27c1548821044c7c7deb449e62c4254676f680136f4fdf718f4a?s=96&d=mm&r=g","url":"https:\/\/secure.gravatar.com\/avatar\/f7c9c0fd426d27c1548821044c7c7deb449e62c4254676f680136f4fdf718f4a?s=96&d=mm&r=g","contentUrl":"https:\/\/secure.gravatar.com\/avatar\/f7c9c0fd426d27c1548821044c7c7deb449e62c4254676f680136f4fdf718f4a?s=96&d=mm&r=g","caption":"jadesignstudio"},"url":"https:\/\/www.davita.pt\/en\/author\/jadesignstudio\/"}]}},"_links":{"self":[{"href":"https:\/\/www.davita.pt\/en\/wp-json\/wp\/v2\/posts\/60361","targetHints":{"allow":["GET"]}}],"collection":[{"href":"https:\/\/www.davita.pt\/en\/wp-json\/wp\/v2\/posts"}],"about":[{"href":"https:\/\/www.davita.pt\/en\/wp-json\/wp\/v2\/types\/post"}],"author":[{"embeddable":true,"href":"https:\/\/www.davita.pt\/en\/wp-json\/wp\/v2\/users\/1"}],"replies":[{"embeddable":true,"href":"https:\/\/www.davita.pt\/en\/wp-json\/wp\/v2\/comments?post=60361"}],"version-history":[{"count":2,"href":"https:\/\/www.davita.pt\/en\/wp-json\/wp\/v2\/posts\/60361\/revisions"}],"predecessor-version":[{"id":60363,"href":"https:\/\/www.davita.pt\/en\/wp-json\/wp\/v2\/posts\/60361\/revisions\/60363"}],"wp:featuredmedia":[{"embeddable":true,"href":"https:\/\/www.davita.pt\/en\/wp-json\/wp\/v2\/media\/59419"}],"wp:attachment":[{"href":"https:\/\/www.davita.pt\/en\/wp-json\/wp\/v2\/media?parent=60361"}],"wp:term":[{"taxonomy":"category","embeddable":true,"href":"https:\/\/www.davita.pt\/en\/wp-json\/wp\/v2\/categories?post=60361"},{"taxonomy":"post_tag","embeddable":true,"href":"https:\/\/www.davita.pt\/en\/wp-json\/wp\/v2\/tags?post=60361"}],"curies":[{"name":"wp","href":"https:\/\/api.w.org\/{rel}","templated":true}]}}