{"id":59184,"date":"2025-03-07T22:05:33","date_gmt":"2025-03-07T22:05:33","guid":{"rendered":"https:\/\/www.davita.pt\/?p=59184"},"modified":"2025-05-07T00:26:54","modified_gmt":"2025-05-06T23:26:54","slug":"iniciativa-de-rastreio-a-doenca-renal","status":"publish","type":"post","link":"https:\/\/www.davita.pt\/en\/iniciativa-de-rastreio-a-doenca-renal\/","title":{"rendered":"Iniciativa de rastreio \u00e0 doen\u00e7a renal"},"content":{"rendered":"<p>Para assinalar o Dia Mundial do Rim, que se celebra a 14 de mar\u00e7o, a DaVita Portugal vai realizar rastreios \u00e0 doen\u00e7a renal no Centro Social e Paroquial da Charneca, das 9h \u00e0s 13h, e na Associa\u00e7\u00e3o de Promotores de Sa\u00fade Ambiente e Desenvolvimento S\u00f3cio Cultural (Prosaudesc) das 14h \u00e0s 18h. A iniciativa, organizada em parceria com a C\u00e2mara Municipal de Lisboa, \u00e9 gratuita e dirigida a toda a popula\u00e7\u00e3o, em particular \u00e0 popula\u00e7\u00e3o s\u00e9nior.<\/p>\n<p>Os rastreios ser\u00e3o realizados por equipas de m\u00e9dicos nefrologistas e enfermeiros de di\u00e1lise das Cl\u00ednicas DaVita Benfica e DaVita Sacav\u00e9m. Os profissionais de sa\u00fade far\u00e3o um levantamento dos factores de risco individual que poder\u00e3o sinalizar a presen\u00e7a renal e dar\u00e3o aconselhamento e sensibiliza\u00e7\u00e3o sobre os h\u00e1bitos de vida saud\u00e1veis que contribuem para a preven\u00e7\u00e3o da doen\u00e7a renal.<\/p>\n<p>De acordo com o Diretor-Geral da DaVita Portugal, Paulo Dinis, \u201cO nosso principal objetivo \u00e9 consciencializar todas as pessoas para a import\u00e2ncia da preven\u00e7\u00e3o da doen\u00e7a renal nos seus est\u00e1dios iniciais, quando ainda \u00e9 poss\u00edvel retardar ou atrasar a sua progress\u00e3o. Desta forma, atrav\u00e9s dos rastreios e dos ensinamentos da nossa esquipa esperamos conseguir incentivar as pessoas a proteger a sa\u00fade dos rins, com pequenas mudan\u00e7as no seu comportamento e estilo de vida\u201d, explica Paulo Dinis, Diretor-Geral da DaVita Portugal.<\/p>\n<p>O rastreio doen\u00e7a renal consiste na avalia\u00e7\u00e3o da tens\u00e3o arterial, frequ\u00eancia card\u00edaca, glicemia capilar, peso e altura, e presen\u00e7a de prote\u00ednas na urina.\u00a0 S\u00e3o fatores de risco para o desenvolvimento da doen\u00e7a renal cr\u00f3nica a hipertens\u00e3o arterial, a doen\u00e7a cardiovascular, a diabetes, o excesso de peso ou a obesidade.<\/p>\n<p>A doen\u00e7a renal cr\u00f3nica \u00e9 provocada pela deteriora\u00e7\u00e3o lenta e irrevers\u00edvel da fun\u00e7\u00e3o renal. Como consequ\u00eancia, existe reten\u00e7\u00e3o no sangue de subst\u00e2ncias que normalmente seriam excretadas pelo rim, resultando na acumula\u00e7\u00e3o de produtos metab\u00f3licos t\u00f3xicos no sangue (azotemia ou uremia). Nas fases mais avan\u00e7adas, as pessoas com esta doen\u00e7a necessitam de realizar regularmente um tratamento de substitui\u00e7\u00e3o da fun\u00e7\u00e3o renal que poder\u00e1 ser a hemodi\u00e1lise, a di\u00e1lise peritoneal ou o transplante renal.<\/p>","protected":false},"excerpt":{"rendered":"<p>Para assinalar o Dia Mundial do Rim, que se celebra a 14 de mar\u00e7o, a&hellip;<\/p>","protected":false},"author":1,"featured_media":59185,"comment_status":"closed","ping_status":"closed","sticky":false,"template":"","format":"standard","meta":{"footnotes":""},"categories":[276],"tags":[],"class_list":["post-59184","post","type-post","status-publish","format-standard","has-post-thumbnail","hentry","category-noticias"],"yoast_head":"<!-- This site is optimized with the Yoast SEO plugin v27.4 - https:\/\/yoast.com\/product\/yoast-seo-wordpress\/ -->\n<title>Iniciativa de rastreio \u00e0 doen\u00e7a renal - DaVita Portugal<\/title>\n<meta name=\"robots\" content=\"index, follow, max-snippet:-1, max-image-preview:large, max-video-preview:-1\" \/>\n<link rel=\"canonical\" href=\"https:\/\/davita.jadesignstudio.xyz\/iniciativa-de-rastreio-a-doenca-renal\/\" \/>\n<meta property=\"og:locale\" content=\"en_US\" \/>\n<meta property=\"og:type\" content=\"article\" \/>\n<meta property=\"og:title\" content=\"Iniciativa de rastreio \u00e0 doen\u00e7a renal - DaVita Portugal\" \/>\n<meta property=\"og:description\" content=\"Para assinalar o Dia Mundial do Rim, que se celebra a 14 de mar\u00e7o, a&hellip;\" \/>\n<meta property=\"og:url\" content=\"https:\/\/davita.jadesignstudio.xyz\/iniciativa-de-rastreio-a-doenca-renal\/\" \/>\n<meta property=\"og:site_name\" content=\"DaVita Portugal\" \/>\n<meta property=\"article:publisher\" content=\"https:\/\/www.facebook.com\/Davitaportugal\/\" \/>\n<meta property=\"article:published_time\" content=\"2025-03-07T22:05:33+00:00\" \/>\n<meta property=\"article:modified_time\" content=\"2025-05-06T23:26:54+00:00\" \/>\n<meta property=\"og:image\" content=\"https:\/\/davita.jadesignstudio.xyz\/wp-content\/uploads\/2025\/04\/DAVITA-NOTICIAS-Dia_Mundial_Rim_DaVita-scaled.jpg\" \/>\n\t<meta property=\"og:image:width\" content=\"2560\" \/>\n\t<meta property=\"og:image:height\" content=\"2560\" \/>\n\t<meta property=\"og:image:type\" content=\"image\/jpeg\" \/>\n<meta name=\"author\" content=\"jadesignstudio\" \/>\n<meta name=\"twitter:card\" content=\"summary_large_image\" \/>\n<meta name=\"twitter:label1\" content=\"Written by\" \/>\n\t<meta name=\"twitter:data1\" content=\"jadesignstudio\" \/>\n\t<meta name=\"twitter:label2\" content=\"Est. reading time\" \/>\n\t<meta name=\"twitter:data2\" content=\"2 minutes\" \/>\n<script type=\"application\/ld+json\" class=\"yoast-schema-graph\">{\"@context\":\"https:\\\/\\\/schema.org\",\"@graph\":[{\"@type\":\"Article\",\"@id\":\"https:\\\/\\\/davita.jadesignstudio.xyz\\\/iniciativa-de-rastreio-a-doenca-renal\\\/#article\",\"isPartOf\":{\"@id\":\"https:\\\/\\\/davita.jadesignstudio.xyz\\\/iniciativa-de-rastreio-a-doenca-renal\\\/\"},\"author\":{\"name\":\"jadesignstudio\",\"@id\":\"https:\\\/\\\/www.davita.pt\\\/#\\\/schema\\\/person\\\/f32dbd6b2d272c3ab88f9fda6980d6fd\"},\"headline\":\"Iniciativa de rastreio \u00e0 doen\u00e7a renal\",\"datePublished\":\"2025-03-07T22:05:33+00:00\",\"dateModified\":\"2025-05-06T23:26:54+00:00\",\"mainEntityOfPage\":{\"@id\":\"https:\\\/\\\/davita.jadesignstudio.xyz\\\/iniciativa-de-rastreio-a-doenca-renal\\\/\"},\"wordCount\":394,\"publisher\":{\"@id\":\"https:\\\/\\\/www.davita.pt\\\/#organization\"},\"image\":{\"@id\":\"https:\\\/\\\/davita.jadesignstudio.xyz\\\/iniciativa-de-rastreio-a-doenca-renal\\\/#primaryimage\"},\"thumbnailUrl\":\"https:\\\/\\\/www.davita.pt\\\/wp-content\\\/uploads\\\/2025\\\/04\\\/DAVITA-NOTICIAS-Dia_Mundial_Rim_DaVita-scaled.jpg\",\"articleSection\":[\"Not\u00edcias\"],\"inLanguage\":\"en-US\"},{\"@type\":\"WebPage\",\"@id\":\"https:\\\/\\\/davita.jadesignstudio.xyz\\\/iniciativa-de-rastreio-a-doenca-renal\\\/\",\"url\":\"https:\\\/\\\/davita.jadesignstudio.xyz\\\/iniciativa-de-rastreio-a-doenca-renal\\\/\",\"name\":\"Iniciativa de rastreio \u00e0 doen\u00e7a renal - DaVita Portugal\",\"isPartOf\":{\"@id\":\"https:\\\/\\\/www.davita.pt\\\/#website\"},\"primaryImageOfPage\":{\"@id\":\"https:\\\/\\\/davita.jadesignstudio.xyz\\\/iniciativa-de-rastreio-a-doenca-renal\\\/#primaryimage\"},\"image\":{\"@id\":\"https:\\\/\\\/davita.jadesignstudio.xyz\\\/iniciativa-de-rastreio-a-doenca-renal\\\/#primaryimage\"},\"thumbnailUrl\":\"https:\\\/\\\/www.davita.pt\\\/wp-content\\\/uploads\\\/2025\\\/04\\\/DAVITA-NOTICIAS-Dia_Mundial_Rim_DaVita-scaled.jpg\",\"datePublished\":\"2025-03-07T22:05:33+00:00\",\"dateModified\":\"2025-05-06T23:26:54+00:00\",\"breadcrumb\":{\"@id\":\"https:\\\/\\\/davita.jadesignstudio.xyz\\\/iniciativa-de-rastreio-a-doenca-renal\\\/#breadcrumb\"},\"inLanguage\":\"en-US\",\"potentialAction\":[{\"@type\":\"ReadAction\",\"target\":[\"https:\\\/\\\/davita.jadesignstudio.xyz\\\/iniciativa-de-rastreio-a-doenca-renal\\\/\"]}]},{\"@type\":\"ImageObject\",\"inLanguage\":\"en-US\",\"@id\":\"https:\\\/\\\/davita.jadesignstudio.xyz\\\/iniciativa-de-rastreio-a-doenca-renal\\\/#primaryimage\",\"url\":\"https:\\\/\\\/www.davita.pt\\\/wp-content\\\/uploads\\\/2025\\\/04\\\/DAVITA-NOTICIAS-Dia_Mundial_Rim_DaVita-scaled.jpg\",\"contentUrl\":\"https:\\\/\\\/www.davita.pt\\\/wp-content\\\/uploads\\\/2025\\\/04\\\/DAVITA-NOTICIAS-Dia_Mundial_Rim_DaVita-scaled.jpg\",\"width\":2560,\"height\":2560,\"caption\":\"DAVITA NOTICIAS Dia Mundial Rim DaVita scaled\"},{\"@type\":\"BreadcrumbList\",\"@id\":\"https:\\\/\\\/davita.jadesignstudio.xyz\\\/iniciativa-de-rastreio-a-doenca-renal\\\/#breadcrumb\",\"itemListElement\":[{\"@type\":\"ListItem\",\"position\":1,\"name\":\"Home\",\"item\":\"https:\\\/\\\/www.davita.pt\\\/\"},{\"@type\":\"ListItem\",\"position\":2,\"name\":\"Iniciativa de rastreio \u00e0 doen\u00e7a renal\"}]},{\"@type\":\"WebSite\",\"@id\":\"https:\\\/\\\/www.davita.pt\\\/#website\",\"url\":\"https:\\\/\\\/www.davita.pt\\\/\",\"name\":\"DaVita Portugal\",\"description\":\"\",\"publisher\":{\"@id\":\"https:\\\/\\\/www.davita.pt\\\/#organization\"},\"potentialAction\":[{\"@type\":\"SearchAction\",\"target\":{\"@type\":\"EntryPoint\",\"urlTemplate\":\"https:\\\/\\\/www.davita.pt\\\/?s={search_term_string}\"},\"query-input\":{\"@type\":\"PropertyValueSpecification\",\"valueRequired\":true,\"valueName\":\"search_term_string\"}}],\"inLanguage\":\"en-US\"},{\"@type\":\"Organization\",\"@id\":\"https:\\\/\\\/www.davita.pt\\\/#organization\",\"name\":\"DaVita Portugal\",\"alternateName\":\"IDC \u2013 International Dialysis Center, Lda.\",\"url\":\"https:\\\/\\\/www.davita.pt\\\/\",\"logo\":{\"@type\":\"ImageObject\",\"inLanguage\":\"en-US\",\"@id\":\"https:\\\/\\\/www.davita.pt\\\/#\\\/schema\\\/logo\\\/image\\\/\",\"url\":\"https:\\\/\\\/www.davita.pt\\\/wp-content\\\/uploads\\\/2024\\\/07\\\/13893_DaVita_Logo_RGB_2C_72dpi.png\",\"contentUrl\":\"https:\\\/\\\/www.davita.pt\\\/wp-content\\\/uploads\\\/2024\\\/07\\\/13893_DaVita_Logo_RGB_2C_72dpi.png\",\"width\":456,\"height\":175,\"caption\":\"DaVita Portugal\"},\"image\":{\"@id\":\"https:\\\/\\\/www.davita.pt\\\/#\\\/schema\\\/logo\\\/image\\\/\"},\"sameAs\":[\"https:\\\/\\\/www.facebook.com\\\/Davitaportugal\\\/\",\"https:\\\/\\\/www.linkedin.com\\\/company\\\/davitaportugal\\\/\"]},{\"@type\":\"Person\",\"@id\":\"https:\\\/\\\/www.davita.pt\\\/#\\\/schema\\\/person\\\/f32dbd6b2d272c3ab88f9fda6980d6fd\",\"name\":\"jadesignstudio\",\"image\":{\"@type\":\"ImageObject\",\"inLanguage\":\"en-US\",\"@id\":\"https:\\\/\\\/secure.gravatar.com\\\/avatar\\\/f7c9c0fd426d27c1548821044c7c7deb449e62c4254676f680136f4fdf718f4a?s=96&d=mm&r=g\",\"url\":\"https:\\\/\\\/secure.gravatar.com\\\/avatar\\\/f7c9c0fd426d27c1548821044c7c7deb449e62c4254676f680136f4fdf718f4a?s=96&d=mm&r=g\",\"contentUrl\":\"https:\\\/\\\/secure.gravatar.com\\\/avatar\\\/f7c9c0fd426d27c1548821044c7c7deb449e62c4254676f680136f4fdf718f4a?s=96&d=mm&r=g\",\"caption\":\"jadesignstudio\"},\"url\":\"https:\\\/\\\/www.davita.pt\\\/en\\\/author\\\/jadesignstudio\\\/\"}]}<\/script>\n<!-- \/ Yoast SEO plugin. -->","yoast_head_json":{"title":"Iniciativa de rastreio \u00e0 doen\u00e7a renal - DaVita Portugal","robots":{"index":"index","follow":"follow","max-snippet":"max-snippet:-1","max-image-preview":"max-image-preview:large","max-video-preview":"max-video-preview:-1"},"canonical":"https:\/\/davita.jadesignstudio.xyz\/iniciativa-de-rastreio-a-doenca-renal\/","og_locale":"en_US","og_type":"article","og_title":"Iniciativa de rastreio \u00e0 doen\u00e7a renal - DaVita Portugal","og_description":"Para assinalar o Dia Mundial do Rim, que se celebra a 14 de mar\u00e7o, a&hellip;","og_url":"https:\/\/davita.jadesignstudio.xyz\/iniciativa-de-rastreio-a-doenca-renal\/","og_site_name":"DaVita Portugal","article_publisher":"https:\/\/www.facebook.com\/Davitaportugal\/","article_published_time":"2025-03-07T22:05:33+00:00","article_modified_time":"2025-05-06T23:26:54+00:00","og_image":[{"width":2560,"height":2560,"url":"https:\/\/davita.jadesignstudio.xyz\/wp-content\/uploads\/2025\/04\/DAVITA-NOTICIAS-Dia_Mundial_Rim_DaVita-scaled.jpg","type":"image\/jpeg"}],"author":"jadesignstudio","twitter_card":"summary_large_image","twitter_misc":{"Written by":"jadesignstudio","Est. reading time":"2 minutes"},"schema":{"@context":"https:\/\/schema.org","@graph":[{"@type":"Article","@id":"https:\/\/davita.jadesignstudio.xyz\/iniciativa-de-rastreio-a-doenca-renal\/#article","isPartOf":{"@id":"https:\/\/davita.jadesignstudio.xyz\/iniciativa-de-rastreio-a-doenca-renal\/"},"author":{"name":"jadesignstudio","@id":"https:\/\/www.davita.pt\/#\/schema\/person\/f32dbd6b2d272c3ab88f9fda6980d6fd"},"headline":"Iniciativa de rastreio \u00e0 doen\u00e7a renal","datePublished":"2025-03-07T22:05:33+00:00","dateModified":"2025-05-06T23:26:54+00:00","mainEntityOfPage":{"@id":"https:\/\/davita.jadesignstudio.xyz\/iniciativa-de-rastreio-a-doenca-renal\/"},"wordCount":394,"publisher":{"@id":"https:\/\/www.davita.pt\/#organization"},"image":{"@id":"https:\/\/davita.jadesignstudio.xyz\/iniciativa-de-rastreio-a-doenca-renal\/#primaryimage"},"thumbnailUrl":"https:\/\/www.davita.pt\/wp-content\/uploads\/2025\/04\/DAVITA-NOTICIAS-Dia_Mundial_Rim_DaVita-scaled.jpg","articleSection":["Not\u00edcias"],"inLanguage":"en-US"},{"@type":"WebPage","@id":"https:\/\/davita.jadesignstudio.xyz\/iniciativa-de-rastreio-a-doenca-renal\/","url":"https:\/\/davita.jadesignstudio.xyz\/iniciativa-de-rastreio-a-doenca-renal\/","name":"Iniciativa de rastreio \u00e0 doen\u00e7a renal - DaVita Portugal","isPartOf":{"@id":"https:\/\/www.davita.pt\/#website"},"primaryImageOfPage":{"@id":"https:\/\/davita.jadesignstudio.xyz\/iniciativa-de-rastreio-a-doenca-renal\/#primaryimage"},"image":{"@id":"https:\/\/davita.jadesignstudio.xyz\/iniciativa-de-rastreio-a-doenca-renal\/#primaryimage"},"thumbnailUrl":"https:\/\/www.davita.pt\/wp-content\/uploads\/2025\/04\/DAVITA-NOTICIAS-Dia_Mundial_Rim_DaVita-scaled.jpg","datePublished":"2025-03-07T22:05:33+00:00","dateModified":"2025-05-06T23:26:54+00:00","breadcrumb":{"@id":"https:\/\/davita.jadesignstudio.xyz\/iniciativa-de-rastreio-a-doenca-renal\/#breadcrumb"},"inLanguage":"en-US","potentialAction":[{"@type":"ReadAction","target":["https:\/\/davita.jadesignstudio.xyz\/iniciativa-de-rastreio-a-doenca-renal\/"]}]},{"@type":"ImageObject","inLanguage":"en-US","@id":"https:\/\/davita.jadesignstudio.xyz\/iniciativa-de-rastreio-a-doenca-renal\/#primaryimage","url":"https:\/\/www.davita.pt\/wp-content\/uploads\/2025\/04\/DAVITA-NOTICIAS-Dia_Mundial_Rim_DaVita-scaled.jpg","contentUrl":"https:\/\/www.davita.pt\/wp-content\/uploads\/2025\/04\/DAVITA-NOTICIAS-Dia_Mundial_Rim_DaVita-scaled.jpg","width":2560,"height":2560,"caption":"DAVITA NOTICIAS Dia Mundial Rim DaVita scaled"},{"@type":"BreadcrumbList","@id":"https:\/\/davita.jadesignstudio.xyz\/iniciativa-de-rastreio-a-doenca-renal\/#breadcrumb","itemListElement":[{"@type":"ListItem","position":1,"name":"Home","item":"https:\/\/www.davita.pt\/"},{"@type":"ListItem","position":2,"name":"Iniciativa de rastreio \u00e0 doen\u00e7a renal"}]},{"@type":"WebSite","@id":"https:\/\/www.davita.pt\/#website","url":"https:\/\/www.davita.pt\/","name":"DaVita Portugal","description":"","publisher":{"@id":"https:\/\/www.davita.pt\/#organization"},"potentialAction":[{"@type":"SearchAction","target":{"@type":"EntryPoint","urlTemplate":"https:\/\/www.davita.pt\/?s={search_term_string}"},"query-input":{"@type":"PropertyValueSpecification","valueRequired":true,"valueName":"search_term_string"}}],"inLanguage":"en-US"},{"@type":"Organization","@id":"https:\/\/www.davita.pt\/#organization","name":"DaVita Portugal","alternateName":"IDC \u2013 International Dialysis Center, Lda.","url":"https:\/\/www.davita.pt\/","logo":{"@type":"ImageObject","inLanguage":"en-US","@id":"https:\/\/www.davita.pt\/#\/schema\/logo\/image\/","url":"https:\/\/www.davita.pt\/wp-content\/uploads\/2024\/07\/13893_DaVita_Logo_RGB_2C_72dpi.png","contentUrl":"https:\/\/www.davita.pt\/wp-content\/uploads\/2024\/07\/13893_DaVita_Logo_RGB_2C_72dpi.png","width":456,"height":175,"caption":"DaVita Portugal"},"image":{"@id":"https:\/\/www.davita.pt\/#\/schema\/logo\/image\/"},"sameAs":["https:\/\/www.facebook.com\/Davitaportugal\/","https:\/\/www.linkedin.com\/company\/davitaportugal\/"]},{"@type":"Person","@id":"https:\/\/www.davita.pt\/#\/schema\/person\/f32dbd6b2d272c3ab88f9fda6980d6fd","name":"jadesignstudio","image":{"@type":"ImageObject","inLanguage":"en-US","@id":"https:\/\/secure.gravatar.com\/avatar\/f7c9c0fd426d27c1548821044c7c7deb449e62c4254676f680136f4fdf718f4a?s=96&d=mm&r=g","url":"https:\/\/secure.gravatar.com\/avatar\/f7c9c0fd426d27c1548821044c7c7deb449e62c4254676f680136f4fdf718f4a?s=96&d=mm&r=g","contentUrl":"https:\/\/secure.gravatar.com\/avatar\/f7c9c0fd426d27c1548821044c7c7deb449e62c4254676f680136f4fdf718f4a?s=96&d=mm&r=g","caption":"jadesignstudio"},"url":"https:\/\/www.davita.pt\/en\/author\/jadesignstudio\/"}]}},"_links":{"self":[{"href":"https:\/\/www.davita.pt\/en\/wp-json\/wp\/v2\/posts\/59184","targetHints":{"allow":["GET"]}}],"collection":[{"href":"https:\/\/www.davita.pt\/en\/wp-json\/wp\/v2\/posts"}],"about":[{"href":"https:\/\/www.davita.pt\/en\/wp-json\/wp\/v2\/types\/post"}],"author":[{"embeddable":true,"href":"https:\/\/www.davita.pt\/en\/wp-json\/wp\/v2\/users\/1"}],"replies":[{"embeddable":true,"href":"https:\/\/www.davita.pt\/en\/wp-json\/wp\/v2\/comments?post=59184"}],"version-history":[{"count":1,"href":"https:\/\/www.davita.pt\/en\/wp-json\/wp\/v2\/posts\/59184\/revisions"}],"predecessor-version":[{"id":59186,"href":"https:\/\/www.davita.pt\/en\/wp-json\/wp\/v2\/posts\/59184\/revisions\/59186"}],"wp:featuredmedia":[{"embeddable":true,"href":"https:\/\/www.davita.pt\/en\/wp-json\/wp\/v2\/media\/59185"}],"wp:attachment":[{"href":"https:\/\/www.davita.pt\/en\/wp-json\/wp\/v2\/media?parent=59184"}],"wp:term":[{"taxonomy":"category","embeddable":true,"href":"https:\/\/www.davita.pt\/en\/wp-json\/wp\/v2\/categories?post=59184"},{"taxonomy":"post_tag","embeddable":true,"href":"https:\/\/www.davita.pt\/en\/wp-json\/wp\/v2\/tags?post=59184"}],"curies":[{"name":"wp","href":"https:\/\/api.w.org\/{rel}","templated":true}]}}