{"id":59176,"date":"2023-08-07T21:59:36","date_gmt":"2023-08-07T20:59:36","guid":{"rendered":"https:\/\/www.davita.pt\/?p=59176"},"modified":"2025-07-09T20:14:38","modified_gmt":"2025-07-09T19:14:38","slug":"clinica-davita-alcobaca-entra-em-funcionamento","status":"publish","type":"post","link":"https:\/\/www.davita.pt\/en\/clinica-davita-alcobaca-entra-em-funcionamento\/","title":{"rendered":"Cl\u00ednica DaVita Alcoba\u00e7a entra em funcionamento"},"content":{"rendered":"<p>A Cl\u00ednica DaVita Alcoba\u00e7a, situada na freguesia de Maiorga, vai entrar em funcionamento amanh\u00e3, 25 de agosto.<\/p>\n<p>As pessoas com doen\u00e7a renal cr\u00f3nica que pretendam realizar os seus tratamentos de di\u00e1lise, nesta nova cl\u00ednica, j\u00e1 podem obter mais informa\u00e7\u00f5es sobre os hor\u00e1rios dispon\u00edveis e conhecer a equipa de profissionais de sa\u00fade que os ir\u00e1 acompanhar.<\/p>\n<p>Esta nova unidade de di\u00e1lise, equipada com tecnologia inovadora, pretende prestar um tratamento de excel\u00eancia a cerca de 120 doentes por semana, respondendo e adequando-se a todas as suas necessidades.<\/p>\n<p>Venha visitar-nos na Rua Padre In\u00e1cio Louren\u00e7o n.\u00ba 2, 2460-557 Maiorga. Se preferir poder\u00e1 contatar-nos atrav\u00e9s de\u00a0<a href=\"mailto:geral.alcobaca@davita.com\">geral.alcobaca@davita.com<\/a>\u00a0ou do telefone 262 000 440<\/p>","protected":false},"excerpt":{"rendered":"<p>A Cl\u00ednica DaVita Alcoba\u00e7a, situada na freguesia de Maiorga, vai entrar em funcionamento amanh\u00e3, 25&hellip;<\/p>","protected":false},"author":1,"featured_media":59177,"comment_status":"closed","ping_status":"closed","sticky":false,"template":"","format":"standard","meta":{"footnotes":""},"categories":[276],"tags":[],"class_list":["post-59176","post","type-post","status-publish","format-standard","has-post-thumbnail","hentry","category-noticias"],"yoast_head":"<!-- This site is optimized with the Yoast SEO plugin v27.4 - https:\/\/yoast.com\/product\/yoast-seo-wordpress\/ -->\n<title>Cl\u00ednica DaVita Alcoba\u00e7a entra em funcionamento - DaVita Portugal<\/title>\n<meta name=\"description\" content=\"A Cl\u00ednica DaVita Alcoba\u00e7a, situada na freguesia de Maiorga, vai entrar em funcionamento amanh\u00e3, 25 de agosto.\" \/>\n<meta name=\"robots\" content=\"index, follow, max-snippet:-1, max-image-preview:large, max-video-preview:-1\" \/>\n<link rel=\"canonical\" href=\"https:\/\/davita.jadesignstudio.xyz\/clinica-davita-alcobaca-entra-em-funcionamento\/\" \/>\n<meta property=\"og:locale\" content=\"en_US\" \/>\n<meta property=\"og:type\" content=\"article\" \/>\n<meta property=\"og:title\" content=\"Cl\u00ednica DaVita Alcoba\u00e7a entra em funcionamento - DaVita Portugal\" \/>\n<meta property=\"og:description\" content=\"A Cl\u00ednica DaVita Alcoba\u00e7a, situada na freguesia de Maiorga, vai entrar em funcionamento amanh\u00e3, 25 de agosto.\" \/>\n<meta property=\"og:url\" content=\"https:\/\/davita.jadesignstudio.xyz\/clinica-davita-alcobaca-entra-em-funcionamento\/\" \/>\n<meta property=\"og:site_name\" content=\"DaVita Portugal\" \/>\n<meta property=\"article:publisher\" content=\"https:\/\/www.facebook.com\/Davitaportugal\/\" \/>\n<meta property=\"article:published_time\" content=\"2023-08-07T20:59:36+00:00\" \/>\n<meta property=\"article:modified_time\" content=\"2025-07-09T19:14:38+00:00\" \/>\n<meta property=\"og:image\" content=\"https:\/\/davita.jadesignstudio.xyz\/wp-content\/uploads\/2025\/04\/DAVITA-NOTICIAS-DaVita-Alcobaca.jpg\" \/>\n\t<meta property=\"og:image:width\" content=\"1920\" \/>\n\t<meta property=\"og:image:height\" content=\"1440\" \/>\n\t<meta property=\"og:image:type\" content=\"image\/jpeg\" \/>\n<meta name=\"author\" content=\"jadesignstudio\" \/>\n<meta name=\"twitter:card\" content=\"summary_large_image\" \/>\n<meta name=\"twitter:label1\" content=\"Written by\" \/>\n\t<meta name=\"twitter:data1\" content=\"jadesignstudio\" \/>\n\t<meta name=\"twitter:label2\" content=\"Est. reading time\" \/>\n\t<meta name=\"twitter:data2\" content=\"1 minute\" \/>\n<script type=\"application\/ld+json\" class=\"yoast-schema-graph\">{\"@context\":\"https:\\\/\\\/schema.org\",\"@graph\":[{\"@type\":\"Article\",\"@id\":\"https:\\\/\\\/davita.jadesignstudio.xyz\\\/clinica-davita-alcobaca-entra-em-funcionamento\\\/#article\",\"isPartOf\":{\"@id\":\"https:\\\/\\\/davita.jadesignstudio.xyz\\\/clinica-davita-alcobaca-entra-em-funcionamento\\\/\"},\"author\":{\"name\":\"jadesignstudio\",\"@id\":\"https:\\\/\\\/www.davita.pt\\\/#\\\/schema\\\/person\\\/f32dbd6b2d272c3ab88f9fda6980d6fd\"},\"headline\":\"Cl\u00ednica DaVita Alcoba\u00e7a entra em funcionamento\",\"datePublished\":\"2023-08-07T20:59:36+00:00\",\"dateModified\":\"2025-07-09T19:14:38+00:00\",\"mainEntityOfPage\":{\"@id\":\"https:\\\/\\\/davita.jadesignstudio.xyz\\\/clinica-davita-alcobaca-entra-em-funcionamento\\\/\"},\"wordCount\":129,\"publisher\":{\"@id\":\"https:\\\/\\\/www.davita.pt\\\/#organization\"},\"image\":{\"@id\":\"https:\\\/\\\/davita.jadesignstudio.xyz\\\/clinica-davita-alcobaca-entra-em-funcionamento\\\/#primaryimage\"},\"thumbnailUrl\":\"https:\\\/\\\/www.davita.pt\\\/wp-content\\\/uploads\\\/2025\\\/04\\\/DAVITA-NOTICIAS-DaVita-Alcobaca.jpg\",\"articleSection\":[\"Not\u00edcias\"],\"inLanguage\":\"en-US\"},{\"@type\":\"WebPage\",\"@id\":\"https:\\\/\\\/davita.jadesignstudio.xyz\\\/clinica-davita-alcobaca-entra-em-funcionamento\\\/\",\"url\":\"https:\\\/\\\/davita.jadesignstudio.xyz\\\/clinica-davita-alcobaca-entra-em-funcionamento\\\/\",\"name\":\"Cl\u00ednica DaVita Alcoba\u00e7a entra em funcionamento - DaVita Portugal\",\"isPartOf\":{\"@id\":\"https:\\\/\\\/www.davita.pt\\\/#website\"},\"primaryImageOfPage\":{\"@id\":\"https:\\\/\\\/davita.jadesignstudio.xyz\\\/clinica-davita-alcobaca-entra-em-funcionamento\\\/#primaryimage\"},\"image\":{\"@id\":\"https:\\\/\\\/davita.jadesignstudio.xyz\\\/clinica-davita-alcobaca-entra-em-funcionamento\\\/#primaryimage\"},\"thumbnailUrl\":\"https:\\\/\\\/www.davita.pt\\\/wp-content\\\/uploads\\\/2025\\\/04\\\/DAVITA-NOTICIAS-DaVita-Alcobaca.jpg\",\"datePublished\":\"2023-08-07T20:59:36+00:00\",\"dateModified\":\"2025-07-09T19:14:38+00:00\",\"description\":\"A Cl\u00ednica DaVita Alcoba\u00e7a, situada na freguesia de Maiorga, vai entrar em funcionamento amanh\u00e3, 25 de agosto.\",\"breadcrumb\":{\"@id\":\"https:\\\/\\\/davita.jadesignstudio.xyz\\\/clinica-davita-alcobaca-entra-em-funcionamento\\\/#breadcrumb\"},\"inLanguage\":\"en-US\",\"potentialAction\":[{\"@type\":\"ReadAction\",\"target\":[\"https:\\\/\\\/davita.jadesignstudio.xyz\\\/clinica-davita-alcobaca-entra-em-funcionamento\\\/\"]}]},{\"@type\":\"ImageObject\",\"inLanguage\":\"en-US\",\"@id\":\"https:\\\/\\\/davita.jadesignstudio.xyz\\\/clinica-davita-alcobaca-entra-em-funcionamento\\\/#primaryimage\",\"url\":\"https:\\\/\\\/www.davita.pt\\\/wp-content\\\/uploads\\\/2025\\\/04\\\/DAVITA-NOTICIAS-DaVita-Alcobaca.jpg\",\"contentUrl\":\"https:\\\/\\\/www.davita.pt\\\/wp-content\\\/uploads\\\/2025\\\/04\\\/DAVITA-NOTICIAS-DaVita-Alcobaca.jpg\",\"width\":1920,\"height\":1440,\"caption\":\"DAVITA NOTICIAS DaVita Alcobaca\"},{\"@type\":\"BreadcrumbList\",\"@id\":\"https:\\\/\\\/davita.jadesignstudio.xyz\\\/clinica-davita-alcobaca-entra-em-funcionamento\\\/#breadcrumb\",\"itemListElement\":[{\"@type\":\"ListItem\",\"position\":1,\"name\":\"Home\",\"item\":\"https:\\\/\\\/www.davita.pt\\\/\"},{\"@type\":\"ListItem\",\"position\":2,\"name\":\"Cl\u00ednica DaVita Alcoba\u00e7a entra em funcionamento\"}]},{\"@type\":\"WebSite\",\"@id\":\"https:\\\/\\\/www.davita.pt\\\/#website\",\"url\":\"https:\\\/\\\/www.davita.pt\\\/\",\"name\":\"DaVita Portugal\",\"description\":\"\",\"publisher\":{\"@id\":\"https:\\\/\\\/www.davita.pt\\\/#organization\"},\"potentialAction\":[{\"@type\":\"SearchAction\",\"target\":{\"@type\":\"EntryPoint\",\"urlTemplate\":\"https:\\\/\\\/www.davita.pt\\\/?s={search_term_string}\"},\"query-input\":{\"@type\":\"PropertyValueSpecification\",\"valueRequired\":true,\"valueName\":\"search_term_string\"}}],\"inLanguage\":\"en-US\"},{\"@type\":\"Organization\",\"@id\":\"https:\\\/\\\/www.davita.pt\\\/#organization\",\"name\":\"DaVita Portugal\",\"alternateName\":\"IDC \u2013 International Dialysis Center, Lda.\",\"url\":\"https:\\\/\\\/www.davita.pt\\\/\",\"logo\":{\"@type\":\"ImageObject\",\"inLanguage\":\"en-US\",\"@id\":\"https:\\\/\\\/www.davita.pt\\\/#\\\/schema\\\/logo\\\/image\\\/\",\"url\":\"https:\\\/\\\/www.davita.pt\\\/wp-content\\\/uploads\\\/2024\\\/07\\\/13893_DaVita_Logo_RGB_2C_72dpi.png\",\"contentUrl\":\"https:\\\/\\\/www.davita.pt\\\/wp-content\\\/uploads\\\/2024\\\/07\\\/13893_DaVita_Logo_RGB_2C_72dpi.png\",\"width\":456,\"height\":175,\"caption\":\"DaVita Portugal\"},\"image\":{\"@id\":\"https:\\\/\\\/www.davita.pt\\\/#\\\/schema\\\/logo\\\/image\\\/\"},\"sameAs\":[\"https:\\\/\\\/www.facebook.com\\\/Davitaportugal\\\/\",\"https:\\\/\\\/www.linkedin.com\\\/company\\\/davitaportugal\\\/\"]},{\"@type\":\"Person\",\"@id\":\"https:\\\/\\\/www.davita.pt\\\/#\\\/schema\\\/person\\\/f32dbd6b2d272c3ab88f9fda6980d6fd\",\"name\":\"jadesignstudio\",\"image\":{\"@type\":\"ImageObject\",\"inLanguage\":\"en-US\",\"@id\":\"https:\\\/\\\/secure.gravatar.com\\\/avatar\\\/f7c9c0fd426d27c1548821044c7c7deb449e62c4254676f680136f4fdf718f4a?s=96&d=mm&r=g\",\"url\":\"https:\\\/\\\/secure.gravatar.com\\\/avatar\\\/f7c9c0fd426d27c1548821044c7c7deb449e62c4254676f680136f4fdf718f4a?s=96&d=mm&r=g\",\"contentUrl\":\"https:\\\/\\\/secure.gravatar.com\\\/avatar\\\/f7c9c0fd426d27c1548821044c7c7deb449e62c4254676f680136f4fdf718f4a?s=96&d=mm&r=g\",\"caption\":\"jadesignstudio\"},\"url\":\"https:\\\/\\\/www.davita.pt\\\/en\\\/author\\\/jadesignstudio\\\/\"}]}<\/script>\n<!-- \/ Yoast SEO plugin. -->","yoast_head_json":{"title":"Cl\u00ednica DaVita Alcoba\u00e7a entra em funcionamento - DaVita Portugal","description":"A Cl\u00ednica DaVita Alcoba\u00e7a, situada na freguesia de Maiorga, vai entrar em funcionamento amanh\u00e3, 25 de agosto.","robots":{"index":"index","follow":"follow","max-snippet":"max-snippet:-1","max-image-preview":"max-image-preview:large","max-video-preview":"max-video-preview:-1"},"canonical":"https:\/\/davita.jadesignstudio.xyz\/clinica-davita-alcobaca-entra-em-funcionamento\/","og_locale":"en_US","og_type":"article","og_title":"Cl\u00ednica DaVita Alcoba\u00e7a entra em funcionamento - DaVita Portugal","og_description":"A Cl\u00ednica DaVita Alcoba\u00e7a, situada na freguesia de Maiorga, vai entrar em funcionamento amanh\u00e3, 25 de agosto.","og_url":"https:\/\/davita.jadesignstudio.xyz\/clinica-davita-alcobaca-entra-em-funcionamento\/","og_site_name":"DaVita Portugal","article_publisher":"https:\/\/www.facebook.com\/Davitaportugal\/","article_published_time":"2023-08-07T20:59:36+00:00","article_modified_time":"2025-07-09T19:14:38+00:00","og_image":[{"width":1920,"height":1440,"url":"https:\/\/davita.jadesignstudio.xyz\/wp-content\/uploads\/2025\/04\/DAVITA-NOTICIAS-DaVita-Alcobaca.jpg","type":"image\/jpeg"}],"author":"jadesignstudio","twitter_card":"summary_large_image","twitter_misc":{"Written by":"jadesignstudio","Est. reading time":"1 minute"},"schema":{"@context":"https:\/\/schema.org","@graph":[{"@type":"Article","@id":"https:\/\/davita.jadesignstudio.xyz\/clinica-davita-alcobaca-entra-em-funcionamento\/#article","isPartOf":{"@id":"https:\/\/davita.jadesignstudio.xyz\/clinica-davita-alcobaca-entra-em-funcionamento\/"},"author":{"name":"jadesignstudio","@id":"https:\/\/www.davita.pt\/#\/schema\/person\/f32dbd6b2d272c3ab88f9fda6980d6fd"},"headline":"Cl\u00ednica DaVita Alcoba\u00e7a entra em funcionamento","datePublished":"2023-08-07T20:59:36+00:00","dateModified":"2025-07-09T19:14:38+00:00","mainEntityOfPage":{"@id":"https:\/\/davita.jadesignstudio.xyz\/clinica-davita-alcobaca-entra-em-funcionamento\/"},"wordCount":129,"publisher":{"@id":"https:\/\/www.davita.pt\/#organization"},"image":{"@id":"https:\/\/davita.jadesignstudio.xyz\/clinica-davita-alcobaca-entra-em-funcionamento\/#primaryimage"},"thumbnailUrl":"https:\/\/www.davita.pt\/wp-content\/uploads\/2025\/04\/DAVITA-NOTICIAS-DaVita-Alcobaca.jpg","articleSection":["Not\u00edcias"],"inLanguage":"en-US"},{"@type":"WebPage","@id":"https:\/\/davita.jadesignstudio.xyz\/clinica-davita-alcobaca-entra-em-funcionamento\/","url":"https:\/\/davita.jadesignstudio.xyz\/clinica-davita-alcobaca-entra-em-funcionamento\/","name":"Cl\u00ednica DaVita Alcoba\u00e7a entra em funcionamento - DaVita Portugal","isPartOf":{"@id":"https:\/\/www.davita.pt\/#website"},"primaryImageOfPage":{"@id":"https:\/\/davita.jadesignstudio.xyz\/clinica-davita-alcobaca-entra-em-funcionamento\/#primaryimage"},"image":{"@id":"https:\/\/davita.jadesignstudio.xyz\/clinica-davita-alcobaca-entra-em-funcionamento\/#primaryimage"},"thumbnailUrl":"https:\/\/www.davita.pt\/wp-content\/uploads\/2025\/04\/DAVITA-NOTICIAS-DaVita-Alcobaca.jpg","datePublished":"2023-08-07T20:59:36+00:00","dateModified":"2025-07-09T19:14:38+00:00","description":"A Cl\u00ednica DaVita Alcoba\u00e7a, situada na freguesia de Maiorga, vai entrar em funcionamento amanh\u00e3, 25 de agosto.","breadcrumb":{"@id":"https:\/\/davita.jadesignstudio.xyz\/clinica-davita-alcobaca-entra-em-funcionamento\/#breadcrumb"},"inLanguage":"en-US","potentialAction":[{"@type":"ReadAction","target":["https:\/\/davita.jadesignstudio.xyz\/clinica-davita-alcobaca-entra-em-funcionamento\/"]}]},{"@type":"ImageObject","inLanguage":"en-US","@id":"https:\/\/davita.jadesignstudio.xyz\/clinica-davita-alcobaca-entra-em-funcionamento\/#primaryimage","url":"https:\/\/www.davita.pt\/wp-content\/uploads\/2025\/04\/DAVITA-NOTICIAS-DaVita-Alcobaca.jpg","contentUrl":"https:\/\/www.davita.pt\/wp-content\/uploads\/2025\/04\/DAVITA-NOTICIAS-DaVita-Alcobaca.jpg","width":1920,"height":1440,"caption":"DAVITA NOTICIAS DaVita Alcobaca"},{"@type":"BreadcrumbList","@id":"https:\/\/davita.jadesignstudio.xyz\/clinica-davita-alcobaca-entra-em-funcionamento\/#breadcrumb","itemListElement":[{"@type":"ListItem","position":1,"name":"Home","item":"https:\/\/www.davita.pt\/"},{"@type":"ListItem","position":2,"name":"Cl\u00ednica DaVita Alcoba\u00e7a entra em funcionamento"}]},{"@type":"WebSite","@id":"https:\/\/www.davita.pt\/#website","url":"https:\/\/www.davita.pt\/","name":"DaVita Portugal","description":"","publisher":{"@id":"https:\/\/www.davita.pt\/#organization"},"potentialAction":[{"@type":"SearchAction","target":{"@type":"EntryPoint","urlTemplate":"https:\/\/www.davita.pt\/?s={search_term_string}"},"query-input":{"@type":"PropertyValueSpecification","valueRequired":true,"valueName":"search_term_string"}}],"inLanguage":"en-US"},{"@type":"Organization","@id":"https:\/\/www.davita.pt\/#organization","name":"DaVita Portugal","alternateName":"IDC \u2013 International Dialysis Center, Lda.","url":"https:\/\/www.davita.pt\/","logo":{"@type":"ImageObject","inLanguage":"en-US","@id":"https:\/\/www.davita.pt\/#\/schema\/logo\/image\/","url":"https:\/\/www.davita.pt\/wp-content\/uploads\/2024\/07\/13893_DaVita_Logo_RGB_2C_72dpi.png","contentUrl":"https:\/\/www.davita.pt\/wp-content\/uploads\/2024\/07\/13893_DaVita_Logo_RGB_2C_72dpi.png","width":456,"height":175,"caption":"DaVita Portugal"},"image":{"@id":"https:\/\/www.davita.pt\/#\/schema\/logo\/image\/"},"sameAs":["https:\/\/www.facebook.com\/Davitaportugal\/","https:\/\/www.linkedin.com\/company\/davitaportugal\/"]},{"@type":"Person","@id":"https:\/\/www.davita.pt\/#\/schema\/person\/f32dbd6b2d272c3ab88f9fda6980d6fd","name":"jadesignstudio","image":{"@type":"ImageObject","inLanguage":"en-US","@id":"https:\/\/secure.gravatar.com\/avatar\/f7c9c0fd426d27c1548821044c7c7deb449e62c4254676f680136f4fdf718f4a?s=96&d=mm&r=g","url":"https:\/\/secure.gravatar.com\/avatar\/f7c9c0fd426d27c1548821044c7c7deb449e62c4254676f680136f4fdf718f4a?s=96&d=mm&r=g","contentUrl":"https:\/\/secure.gravatar.com\/avatar\/f7c9c0fd426d27c1548821044c7c7deb449e62c4254676f680136f4fdf718f4a?s=96&d=mm&r=g","caption":"jadesignstudio"},"url":"https:\/\/www.davita.pt\/en\/author\/jadesignstudio\/"}]}},"_links":{"self":[{"href":"https:\/\/www.davita.pt\/en\/wp-json\/wp\/v2\/posts\/59176","targetHints":{"allow":["GET"]}}],"collection":[{"href":"https:\/\/www.davita.pt\/en\/wp-json\/wp\/v2\/posts"}],"about":[{"href":"https:\/\/www.davita.pt\/en\/wp-json\/wp\/v2\/types\/post"}],"author":[{"embeddable":true,"href":"https:\/\/www.davita.pt\/en\/wp-json\/wp\/v2\/users\/1"}],"replies":[{"embeddable":true,"href":"https:\/\/www.davita.pt\/en\/wp-json\/wp\/v2\/comments?post=59176"}],"version-history":[{"count":1,"href":"https:\/\/www.davita.pt\/en\/wp-json\/wp\/v2\/posts\/59176\/revisions"}],"predecessor-version":[{"id":59178,"href":"https:\/\/www.davita.pt\/en\/wp-json\/wp\/v2\/posts\/59176\/revisions\/59178"}],"wp:featuredmedia":[{"embeddable":true,"href":"https:\/\/www.davita.pt\/en\/wp-json\/wp\/v2\/media\/59177"}],"wp:attachment":[{"href":"https:\/\/www.davita.pt\/en\/wp-json\/wp\/v2\/media?parent=59176"}],"wp:term":[{"taxonomy":"category","embeddable":true,"href":"https:\/\/www.davita.pt\/en\/wp-json\/wp\/v2\/categories?post=59176"},{"taxonomy":"post_tag","embeddable":true,"href":"https:\/\/www.davita.pt\/en\/wp-json\/wp\/v2\/tags?post=59176"}],"curies":[{"name":"wp","href":"https:\/\/api.w.org\/{rel}","templated":true}]}}