{"id":59164,"date":"2023-02-07T21:52:21","date_gmt":"2023-02-07T21:52:21","guid":{"rendered":"https:\/\/www.davita.pt\/?p=59164"},"modified":"2025-05-07T00:25:40","modified_gmt":"2025-05-06T23:25:40","slug":"lamego-luta-por-abertura-de-clinica","status":"publish","type":"post","link":"https:\/\/www.davita.pt\/en\/lamego-luta-por-abertura-de-clinica\/","title":{"rendered":"Lamego luta por abertura de cl\u00ednica"},"content":{"rendered":"<p>A\u00a0DaVita Portugal abriu as portas da sua cl\u00ednica em Lamego para uma visita aberta \u00e0 popula\u00e7\u00e3o que juntou cidad\u00e3os, pol\u00edticos e entidades p\u00fablicas, entre as quais, associa\u00e7\u00f5es nacionais de doentes renais.<\/p>\n<p>Esta\u00a0nova unidade,\u00a0apesar de cumprir todos os requisitos exigidos legalmente, viu o pedido de conven\u00e7\u00e3o recusado pela Administra\u00e7\u00e3o Regional de Sa\u00fade (ARS) do Norte, impedindo assim o seu funcionamento.<\/p>\n<p>Durante a visita, perante instala\u00e7\u00f5es e equipamentos operacionais que aguardam autoriza\u00e7\u00e3o pol\u00edtica para satisfazer as necessidades dos doentes, as diversas personalidades presentes manifestaram-se solid\u00e1rias com a posi\u00e7\u00e3o da cl\u00ednica de hemodi\u00e1lise.<\/p>\n<p>\u201cA decis\u00e3o da ARS Norte inviabiliza uma solu\u00e7\u00e3o que providenciaria, no imediato, melhorias na sa\u00fade e qualidade de vida dos doentes renais de Lamego\u201d, anunciou Paulo Dinis, Diretor Geral da DaVita Portugal.<\/p>\n<p>\u201cA DaVita Portugal trabalha para impulsionar o acesso aos cuidados renais e a qualidade de vida dos doentes renais portugueses. Essa \u00e9 a nossa miss\u00e3o aqui em Lamego, pela qual continuaremos a trabalhar e lutar junto das entidades competentes\u201d, concluiu.<\/p>\n<p>O Presidente da C\u00e2mara Municipal de Lamego, Francisco Lopes, reiterou a posi\u00e7\u00e3o j\u00e1 aprovada, por unanimidade, pelo executivo municipal que defende a conven\u00e7\u00e3o do servi\u00e7o de hemodi\u00e1lise \u00e0s cl\u00ednicas privadas que pretendem instalar-se nesta cidade, independentemente de o Centro Hospitalar querer instalar tamb\u00e9m a sua unidade.<\/p>\n<p>\u201cOs doentes hemodialisados de Lamego e da regi\u00e3o do Douro Sul devem ser livres de escolher a cl\u00ednica que presta o melhor servi\u00e7o. Assumimos uma posi\u00e7\u00e3o de defesa da qualidade de vida dos nossos doentes. Observando a qualidade da interven\u00e7\u00e3o neste espa\u00e7o e dos equipamentos aqui instalados \u00e9 um imperativo que esta cl\u00ednica comece a trabalhar. N\u00e3o compreendemos que se desperdicem recursos de investimento em equipamentos que, por enquanto, n\u00e3o t\u00eam utiliza\u00e7\u00e3o\u201d, fundamenta.<\/p>\n<p>Hugo Maravilha, o deputado da Assembleia da Rep\u00fablica que interpelou o Ministro da Sa\u00fade acerca da decis\u00e3o da ARS, foi tamb\u00e9m uma das figuras pol\u00edticas presentes esta manh\u00e3 em Lamego.<\/p>\n<p>Recorde-se que a nova Cl\u00ednica de Hemodi\u00e1lise de Lamego, recentemente conclu\u00edda a um custo de 2 milh\u00f5es de euros, \u00e9 a \u00fanica solu\u00e7\u00e3o para que os doentes renais cr\u00f3nicos da regi\u00e3o evitem as horas de viagem que atualmente s\u00e3o obrigados a percorrer para realizar o tratamento que necessitam.<\/p>","protected":false},"excerpt":{"rendered":"<p>A\u00a0DaVita Portugal abriu as portas da sua cl\u00ednica em Lamego para uma visita aberta \u00e0&hellip;<\/p>","protected":false},"author":1,"featured_media":59165,"comment_status":"closed","ping_status":"closed","sticky":false,"template":"","format":"standard","meta":{"footnotes":""},"categories":[276],"tags":[],"class_list":["post-59164","post","type-post","status-publish","format-standard","has-post-thumbnail","hentry","category-noticias"],"yoast_head":"<!-- This site is optimized with the Yoast SEO plugin v27.5 - https:\/\/yoast.com\/product\/yoast-seo-wordpress\/ -->\n<title>Lamego luta por abertura de cl\u00ednica - DaVita Portugal<\/title>\n<meta name=\"robots\" content=\"index, follow, max-snippet:-1, max-image-preview:large, max-video-preview:-1\" \/>\n<link rel=\"canonical\" href=\"https:\/\/davita.jadesignstudio.xyz\/lamego-luta-por-abertura-de-clinica\/\" \/>\n<meta property=\"og:locale\" content=\"en_US\" \/>\n<meta property=\"og:type\" content=\"article\" \/>\n<meta property=\"og:title\" content=\"Lamego luta por abertura de cl\u00ednica - DaVita Portugal\" \/>\n<meta property=\"og:description\" content=\"A\u00a0DaVita Portugal abriu as portas da sua cl\u00ednica em Lamego para uma visita aberta \u00e0&hellip;\" \/>\n<meta property=\"og:url\" content=\"https:\/\/davita.jadesignstudio.xyz\/lamego-luta-por-abertura-de-clinica\/\" \/>\n<meta property=\"og:site_name\" content=\"DaVita Portugal\" \/>\n<meta property=\"article:publisher\" content=\"https:\/\/www.facebook.com\/Davitaportugal\/\" \/>\n<meta property=\"article:published_time\" content=\"2023-02-07T21:52:21+00:00\" \/>\n<meta property=\"article:modified_time\" content=\"2025-05-06T23:25:40+00:00\" \/>\n<meta property=\"og:image\" content=\"https:\/\/davita.jadesignstudio.xyz\/wp-content\/uploads\/2025\/04\/DAVITA-NOTICIAS-IMG_0428_0-scaled.jpg\" \/>\n\t<meta property=\"og:image:width\" content=\"2560\" \/>\n\t<meta property=\"og:image:height\" content=\"1399\" \/>\n\t<meta property=\"og:image:type\" content=\"image\/jpeg\" \/>\n<meta name=\"author\" content=\"jadesignstudio\" \/>\n<meta name=\"twitter:card\" content=\"summary_large_image\" \/>\n<meta name=\"twitter:label1\" content=\"Written by\" \/>\n\t<meta name=\"twitter:data1\" content=\"jadesignstudio\" \/>\n\t<meta name=\"twitter:label2\" content=\"Est. reading time\" \/>\n\t<meta name=\"twitter:data2\" content=\"2 minutes\" \/>\n<script type=\"application\/ld+json\" class=\"yoast-schema-graph\">{\"@context\":\"https:\\\/\\\/schema.org\",\"@graph\":[{\"@type\":\"Article\",\"@id\":\"https:\\\/\\\/davita.jadesignstudio.xyz\\\/lamego-luta-por-abertura-de-clinica\\\/#article\",\"isPartOf\":{\"@id\":\"https:\\\/\\\/davita.jadesignstudio.xyz\\\/lamego-luta-por-abertura-de-clinica\\\/\"},\"author\":{\"name\":\"jadesignstudio\",\"@id\":\"https:\\\/\\\/www.davita.pt\\\/#\\\/schema\\\/person\\\/f32dbd6b2d272c3ab88f9fda6980d6fd\"},\"headline\":\"Lamego luta por abertura de cl\u00ednica\",\"datePublished\":\"2023-02-07T21:52:21+00:00\",\"dateModified\":\"2025-05-06T23:25:40+00:00\",\"mainEntityOfPage\":{\"@id\":\"https:\\\/\\\/davita.jadesignstudio.xyz\\\/lamego-luta-por-abertura-de-clinica\\\/\"},\"wordCount\":415,\"publisher\":{\"@id\":\"https:\\\/\\\/www.davita.pt\\\/#organization\"},\"image\":{\"@id\":\"https:\\\/\\\/davita.jadesignstudio.xyz\\\/lamego-luta-por-abertura-de-clinica\\\/#primaryimage\"},\"thumbnailUrl\":\"https:\\\/\\\/www.davita.pt\\\/wp-content\\\/uploads\\\/2025\\\/04\\\/DAVITA-NOTICIAS-IMG_0428_0-scaled.jpg\",\"articleSection\":[\"Not\u00edcias\"],\"inLanguage\":\"en-US\"},{\"@type\":\"WebPage\",\"@id\":\"https:\\\/\\\/davita.jadesignstudio.xyz\\\/lamego-luta-por-abertura-de-clinica\\\/\",\"url\":\"https:\\\/\\\/davita.jadesignstudio.xyz\\\/lamego-luta-por-abertura-de-clinica\\\/\",\"name\":\"Lamego luta por abertura de cl\u00ednica - DaVita Portugal\",\"isPartOf\":{\"@id\":\"https:\\\/\\\/www.davita.pt\\\/#website\"},\"primaryImageOfPage\":{\"@id\":\"https:\\\/\\\/davita.jadesignstudio.xyz\\\/lamego-luta-por-abertura-de-clinica\\\/#primaryimage\"},\"image\":{\"@id\":\"https:\\\/\\\/davita.jadesignstudio.xyz\\\/lamego-luta-por-abertura-de-clinica\\\/#primaryimage\"},\"thumbnailUrl\":\"https:\\\/\\\/www.davita.pt\\\/wp-content\\\/uploads\\\/2025\\\/04\\\/DAVITA-NOTICIAS-IMG_0428_0-scaled.jpg\",\"datePublished\":\"2023-02-07T21:52:21+00:00\",\"dateModified\":\"2025-05-06T23:25:40+00:00\",\"breadcrumb\":{\"@id\":\"https:\\\/\\\/davita.jadesignstudio.xyz\\\/lamego-luta-por-abertura-de-clinica\\\/#breadcrumb\"},\"inLanguage\":\"en-US\",\"potentialAction\":[{\"@type\":\"ReadAction\",\"target\":[\"https:\\\/\\\/davita.jadesignstudio.xyz\\\/lamego-luta-por-abertura-de-clinica\\\/\"]}]},{\"@type\":\"ImageObject\",\"inLanguage\":\"en-US\",\"@id\":\"https:\\\/\\\/davita.jadesignstudio.xyz\\\/lamego-luta-por-abertura-de-clinica\\\/#primaryimage\",\"url\":\"https:\\\/\\\/www.davita.pt\\\/wp-content\\\/uploads\\\/2025\\\/04\\\/DAVITA-NOTICIAS-IMG_0428_0-scaled.jpg\",\"contentUrl\":\"https:\\\/\\\/www.davita.pt\\\/wp-content\\\/uploads\\\/2025\\\/04\\\/DAVITA-NOTICIAS-IMG_0428_0-scaled.jpg\",\"width\":2560,\"height\":1399,\"caption\":\"DAVITA NOTICIAS IMG 0428 0 scaled\"},{\"@type\":\"BreadcrumbList\",\"@id\":\"https:\\\/\\\/davita.jadesignstudio.xyz\\\/lamego-luta-por-abertura-de-clinica\\\/#breadcrumb\",\"itemListElement\":[{\"@type\":\"ListItem\",\"position\":1,\"name\":\"Home\",\"item\":\"https:\\\/\\\/www.davita.pt\\\/\"},{\"@type\":\"ListItem\",\"position\":2,\"name\":\"Lamego luta por abertura de cl\u00ednica\"}]},{\"@type\":\"WebSite\",\"@id\":\"https:\\\/\\\/www.davita.pt\\\/#website\",\"url\":\"https:\\\/\\\/www.davita.pt\\\/\",\"name\":\"DaVita Portugal\",\"description\":\"\",\"publisher\":{\"@id\":\"https:\\\/\\\/www.davita.pt\\\/#organization\"},\"potentialAction\":[{\"@type\":\"SearchAction\",\"target\":{\"@type\":\"EntryPoint\",\"urlTemplate\":\"https:\\\/\\\/www.davita.pt\\\/?s={search_term_string}\"},\"query-input\":{\"@type\":\"PropertyValueSpecification\",\"valueRequired\":true,\"valueName\":\"search_term_string\"}}],\"inLanguage\":\"en-US\"},{\"@type\":\"Organization\",\"@id\":\"https:\\\/\\\/www.davita.pt\\\/#organization\",\"name\":\"DaVita Portugal\",\"alternateName\":\"IDC \u2013 International Dialysis Center, Lda.\",\"url\":\"https:\\\/\\\/www.davita.pt\\\/\",\"logo\":{\"@type\":\"ImageObject\",\"inLanguage\":\"en-US\",\"@id\":\"https:\\\/\\\/www.davita.pt\\\/#\\\/schema\\\/logo\\\/image\\\/\",\"url\":\"https:\\\/\\\/www.davita.pt\\\/wp-content\\\/uploads\\\/2024\\\/07\\\/13893_DaVita_Logo_RGB_2C_72dpi.png\",\"contentUrl\":\"https:\\\/\\\/www.davita.pt\\\/wp-content\\\/uploads\\\/2024\\\/07\\\/13893_DaVita_Logo_RGB_2C_72dpi.png\",\"width\":456,\"height\":175,\"caption\":\"DaVita Portugal\"},\"image\":{\"@id\":\"https:\\\/\\\/www.davita.pt\\\/#\\\/schema\\\/logo\\\/image\\\/\"},\"sameAs\":[\"https:\\\/\\\/www.facebook.com\\\/Davitaportugal\\\/\",\"https:\\\/\\\/www.linkedin.com\\\/company\\\/davitaportugal\\\/\"]},{\"@type\":\"Person\",\"@id\":\"https:\\\/\\\/www.davita.pt\\\/#\\\/schema\\\/person\\\/f32dbd6b2d272c3ab88f9fda6980d6fd\",\"name\":\"jadesignstudio\",\"image\":{\"@type\":\"ImageObject\",\"inLanguage\":\"en-US\",\"@id\":\"https:\\\/\\\/secure.gravatar.com\\\/avatar\\\/f7c9c0fd426d27c1548821044c7c7deb449e62c4254676f680136f4fdf718f4a?s=96&d=mm&r=g\",\"url\":\"https:\\\/\\\/secure.gravatar.com\\\/avatar\\\/f7c9c0fd426d27c1548821044c7c7deb449e62c4254676f680136f4fdf718f4a?s=96&d=mm&r=g\",\"contentUrl\":\"https:\\\/\\\/secure.gravatar.com\\\/avatar\\\/f7c9c0fd426d27c1548821044c7c7deb449e62c4254676f680136f4fdf718f4a?s=96&d=mm&r=g\",\"caption\":\"jadesignstudio\"},\"url\":\"https:\\\/\\\/www.davita.pt\\\/en\\\/author\\\/jadesignstudio\\\/\"}]}<\/script>\n<!-- \/ Yoast SEO plugin. -->","yoast_head_json":{"title":"Lamego luta por abertura de cl\u00ednica - DaVita Portugal","robots":{"index":"index","follow":"follow","max-snippet":"max-snippet:-1","max-image-preview":"max-image-preview:large","max-video-preview":"max-video-preview:-1"},"canonical":"https:\/\/davita.jadesignstudio.xyz\/lamego-luta-por-abertura-de-clinica\/","og_locale":"en_US","og_type":"article","og_title":"Lamego luta por abertura de cl\u00ednica - DaVita Portugal","og_description":"A\u00a0DaVita Portugal abriu as portas da sua cl\u00ednica em Lamego para uma visita aberta \u00e0&hellip;","og_url":"https:\/\/davita.jadesignstudio.xyz\/lamego-luta-por-abertura-de-clinica\/","og_site_name":"DaVita Portugal","article_publisher":"https:\/\/www.facebook.com\/Davitaportugal\/","article_published_time":"2023-02-07T21:52:21+00:00","article_modified_time":"2025-05-06T23:25:40+00:00","og_image":[{"width":2560,"height":1399,"url":"https:\/\/davita.jadesignstudio.xyz\/wp-content\/uploads\/2025\/04\/DAVITA-NOTICIAS-IMG_0428_0-scaled.jpg","type":"image\/jpeg"}],"author":"jadesignstudio","twitter_card":"summary_large_image","twitter_misc":{"Written by":"jadesignstudio","Est. reading time":"2 minutes"},"schema":{"@context":"https:\/\/schema.org","@graph":[{"@type":"Article","@id":"https:\/\/davita.jadesignstudio.xyz\/lamego-luta-por-abertura-de-clinica\/#article","isPartOf":{"@id":"https:\/\/davita.jadesignstudio.xyz\/lamego-luta-por-abertura-de-clinica\/"},"author":{"name":"jadesignstudio","@id":"https:\/\/www.davita.pt\/#\/schema\/person\/f32dbd6b2d272c3ab88f9fda6980d6fd"},"headline":"Lamego luta por abertura de cl\u00ednica","datePublished":"2023-02-07T21:52:21+00:00","dateModified":"2025-05-06T23:25:40+00:00","mainEntityOfPage":{"@id":"https:\/\/davita.jadesignstudio.xyz\/lamego-luta-por-abertura-de-clinica\/"},"wordCount":415,"publisher":{"@id":"https:\/\/www.davita.pt\/#organization"},"image":{"@id":"https:\/\/davita.jadesignstudio.xyz\/lamego-luta-por-abertura-de-clinica\/#primaryimage"},"thumbnailUrl":"https:\/\/www.davita.pt\/wp-content\/uploads\/2025\/04\/DAVITA-NOTICIAS-IMG_0428_0-scaled.jpg","articleSection":["Not\u00edcias"],"inLanguage":"en-US"},{"@type":"WebPage","@id":"https:\/\/davita.jadesignstudio.xyz\/lamego-luta-por-abertura-de-clinica\/","url":"https:\/\/davita.jadesignstudio.xyz\/lamego-luta-por-abertura-de-clinica\/","name":"Lamego luta por abertura de cl\u00ednica - DaVita Portugal","isPartOf":{"@id":"https:\/\/www.davita.pt\/#website"},"primaryImageOfPage":{"@id":"https:\/\/davita.jadesignstudio.xyz\/lamego-luta-por-abertura-de-clinica\/#primaryimage"},"image":{"@id":"https:\/\/davita.jadesignstudio.xyz\/lamego-luta-por-abertura-de-clinica\/#primaryimage"},"thumbnailUrl":"https:\/\/www.davita.pt\/wp-content\/uploads\/2025\/04\/DAVITA-NOTICIAS-IMG_0428_0-scaled.jpg","datePublished":"2023-02-07T21:52:21+00:00","dateModified":"2025-05-06T23:25:40+00:00","breadcrumb":{"@id":"https:\/\/davita.jadesignstudio.xyz\/lamego-luta-por-abertura-de-clinica\/#breadcrumb"},"inLanguage":"en-US","potentialAction":[{"@type":"ReadAction","target":["https:\/\/davita.jadesignstudio.xyz\/lamego-luta-por-abertura-de-clinica\/"]}]},{"@type":"ImageObject","inLanguage":"en-US","@id":"https:\/\/davita.jadesignstudio.xyz\/lamego-luta-por-abertura-de-clinica\/#primaryimage","url":"https:\/\/www.davita.pt\/wp-content\/uploads\/2025\/04\/DAVITA-NOTICIAS-IMG_0428_0-scaled.jpg","contentUrl":"https:\/\/www.davita.pt\/wp-content\/uploads\/2025\/04\/DAVITA-NOTICIAS-IMG_0428_0-scaled.jpg","width":2560,"height":1399,"caption":"DAVITA NOTICIAS IMG 0428 0 scaled"},{"@type":"BreadcrumbList","@id":"https:\/\/davita.jadesignstudio.xyz\/lamego-luta-por-abertura-de-clinica\/#breadcrumb","itemListElement":[{"@type":"ListItem","position":1,"name":"Home","item":"https:\/\/www.davita.pt\/"},{"@type":"ListItem","position":2,"name":"Lamego luta por abertura de cl\u00ednica"}]},{"@type":"WebSite","@id":"https:\/\/www.davita.pt\/#website","url":"https:\/\/www.davita.pt\/","name":"DaVita Portugal","description":"","publisher":{"@id":"https:\/\/www.davita.pt\/#organization"},"potentialAction":[{"@type":"SearchAction","target":{"@type":"EntryPoint","urlTemplate":"https:\/\/www.davita.pt\/?s={search_term_string}"},"query-input":{"@type":"PropertyValueSpecification","valueRequired":true,"valueName":"search_term_string"}}],"inLanguage":"en-US"},{"@type":"Organization","@id":"https:\/\/www.davita.pt\/#organization","name":"DaVita Portugal","alternateName":"IDC \u2013 International Dialysis Center, Lda.","url":"https:\/\/www.davita.pt\/","logo":{"@type":"ImageObject","inLanguage":"en-US","@id":"https:\/\/www.davita.pt\/#\/schema\/logo\/image\/","url":"https:\/\/www.davita.pt\/wp-content\/uploads\/2024\/07\/13893_DaVita_Logo_RGB_2C_72dpi.png","contentUrl":"https:\/\/www.davita.pt\/wp-content\/uploads\/2024\/07\/13893_DaVita_Logo_RGB_2C_72dpi.png","width":456,"height":175,"caption":"DaVita Portugal"},"image":{"@id":"https:\/\/www.davita.pt\/#\/schema\/logo\/image\/"},"sameAs":["https:\/\/www.facebook.com\/Davitaportugal\/","https:\/\/www.linkedin.com\/company\/davitaportugal\/"]},{"@type":"Person","@id":"https:\/\/www.davita.pt\/#\/schema\/person\/f32dbd6b2d272c3ab88f9fda6980d6fd","name":"jadesignstudio","image":{"@type":"ImageObject","inLanguage":"en-US","@id":"https:\/\/secure.gravatar.com\/avatar\/f7c9c0fd426d27c1548821044c7c7deb449e62c4254676f680136f4fdf718f4a?s=96&d=mm&r=g","url":"https:\/\/secure.gravatar.com\/avatar\/f7c9c0fd426d27c1548821044c7c7deb449e62c4254676f680136f4fdf718f4a?s=96&d=mm&r=g","contentUrl":"https:\/\/secure.gravatar.com\/avatar\/f7c9c0fd426d27c1548821044c7c7deb449e62c4254676f680136f4fdf718f4a?s=96&d=mm&r=g","caption":"jadesignstudio"},"url":"https:\/\/www.davita.pt\/en\/author\/jadesignstudio\/"}]}},"_links":{"self":[{"href":"https:\/\/www.davita.pt\/en\/wp-json\/wp\/v2\/posts\/59164","targetHints":{"allow":["GET"]}}],"collection":[{"href":"https:\/\/www.davita.pt\/en\/wp-json\/wp\/v2\/posts"}],"about":[{"href":"https:\/\/www.davita.pt\/en\/wp-json\/wp\/v2\/types\/post"}],"author":[{"embeddable":true,"href":"https:\/\/www.davita.pt\/en\/wp-json\/wp\/v2\/users\/1"}],"replies":[{"embeddable":true,"href":"https:\/\/www.davita.pt\/en\/wp-json\/wp\/v2\/comments?post=59164"}],"version-history":[{"count":1,"href":"https:\/\/www.davita.pt\/en\/wp-json\/wp\/v2\/posts\/59164\/revisions"}],"predecessor-version":[{"id":59166,"href":"https:\/\/www.davita.pt\/en\/wp-json\/wp\/v2\/posts\/59164\/revisions\/59166"}],"wp:featuredmedia":[{"embeddable":true,"href":"https:\/\/www.davita.pt\/en\/wp-json\/wp\/v2\/media\/59165"}],"wp:attachment":[{"href":"https:\/\/www.davita.pt\/en\/wp-json\/wp\/v2\/media?parent=59164"}],"wp:term":[{"taxonomy":"category","embeddable":true,"href":"https:\/\/www.davita.pt\/en\/wp-json\/wp\/v2\/categories?post=59164"},{"taxonomy":"post_tag","embeddable":true,"href":"https:\/\/www.davita.pt\/en\/wp-json\/wp\/v2\/tags?post=59164"}],"curies":[{"name":"wp","href":"https:\/\/api.w.org\/{rel}","templated":true}]}}