{"id":59142,"date":"2024-04-07T21:32:34","date_gmt":"2024-04-07T20:32:34","guid":{"rendered":"https:\/\/www.davita.pt\/?p=59142"},"modified":"2025-05-07T00:24:33","modified_gmt":"2025-05-06T23:24:33","slug":"dia-mundial-da-saude-assinala-se-a-7-de-abril","status":"publish","type":"post","link":"https:\/\/www.davita.pt\/en\/dia-mundial-da-saude-assinala-se-a-7-de-abril\/","title":{"rendered":"Dia Mundial da Sa\u00fade assinala-se a 7 de abril"},"content":{"rendered":"<p>Hoje \u00e9 Dia Mundial da Sa\u00fade!<\/p>\n<p>O objetivo \u00e9 consciencializar e educar para a import\u00e2ncia dos cuidados de sa\u00fade e de estilos de vida saud\u00e1veis.<\/p>\n<p>A data foi definida pela Organiza\u00e7\u00e3o Mundial de Sa\u00fade (OMS) e \u00e9 celebrada a 7 de abril, todos os anos, desde 1950.<\/p>\n<p>O tema deste ano \u00e9: \u201cO nosso planeta, a nossa sa\u00fade\u201d, dando enfoque \u00e0s a\u00e7\u00f5es necess\u00e1rias para manter as pessoas e o planeta saud\u00e1veis e \u00e0\u00a0promo\u00e7\u00e3o das sociedades focadas no bem-estar.<\/p>\n<p>Neste dia e em todos os outros, lembre-se de manter um estilo de vida saud\u00e1vel, n\u00e3o apenas como forma de preven\u00e7\u00e3o da doen\u00e7a renal cr\u00f3nica, mas de muitas outras.<\/p>\n<p>Cuide de si.<\/p>","protected":false},"excerpt":{"rendered":"<p>Hoje \u00e9 Dia Mundial da Sa\u00fade! O objetivo \u00e9 consciencializar e educar para a import\u00e2ncia&hellip;<\/p>","protected":false},"author":1,"featured_media":59143,"comment_status":"closed","ping_status":"closed","sticky":false,"template":"","format":"standard","meta":{"footnotes":""},"categories":[276],"tags":[],"class_list":["post-59142","post","type-post","status-publish","format-standard","has-post-thumbnail","hentry","category-noticias"],"yoast_head":"<!-- This site is optimized with the Yoast SEO plugin v27.5 - https:\/\/yoast.com\/product\/yoast-seo-wordpress\/ -->\n<title>Dia Mundial da Sa\u00fade assinala-se a 7 de abril - DaVita Portugal<\/title>\n<meta name=\"robots\" content=\"index, follow, max-snippet:-1, max-image-preview:large, max-video-preview:-1\" \/>\n<link rel=\"canonical\" href=\"https:\/\/davita.jadesignstudio.xyz\/dia-mundial-da-saude-assinala-se-a-7-de-abril\/\" \/>\n<meta property=\"og:locale\" content=\"en_US\" \/>\n<meta property=\"og:type\" content=\"article\" \/>\n<meta property=\"og:title\" content=\"Dia Mundial da Sa\u00fade assinala-se a 7 de abril - DaVita Portugal\" \/>\n<meta property=\"og:description\" content=\"Hoje \u00e9 Dia Mundial da Sa\u00fade! O objetivo \u00e9 consciencializar e educar para a import\u00e2ncia&hellip;\" \/>\n<meta property=\"og:url\" content=\"https:\/\/davita.jadesignstudio.xyz\/dia-mundial-da-saude-assinala-se-a-7-de-abril\/\" \/>\n<meta property=\"og:site_name\" content=\"DaVita Portugal\" \/>\n<meta property=\"article:publisher\" content=\"https:\/\/www.facebook.com\/Davitaportugal\/\" \/>\n<meta property=\"article:published_time\" content=\"2024-04-07T20:32:34+00:00\" \/>\n<meta property=\"article:modified_time\" content=\"2025-05-06T23:24:33+00:00\" \/>\n<meta property=\"og:image\" content=\"https:\/\/davita.jadesignstudio.xyz\/wp-content\/uploads\/2025\/04\/DAVITA-NOTICIAS-Dia_Mundial_da_Saude_Site.jpg\" \/>\n\t<meta property=\"og:image:width\" content=\"2001\" \/>\n\t<meta property=\"og:image:height\" content=\"1500\" \/>\n\t<meta property=\"og:image:type\" content=\"image\/jpeg\" \/>\n<meta name=\"author\" content=\"jadesignstudio\" \/>\n<meta name=\"twitter:card\" content=\"summary_large_image\" \/>\n<meta name=\"twitter:label1\" content=\"Written by\" \/>\n\t<meta name=\"twitter:data1\" content=\"jadesignstudio\" \/>\n\t<meta name=\"twitter:label2\" content=\"Est. reading time\" \/>\n\t<meta name=\"twitter:data2\" content=\"1 minute\" \/>\n<script type=\"application\/ld+json\" class=\"yoast-schema-graph\">{\"@context\":\"https:\\\/\\\/schema.org\",\"@graph\":[{\"@type\":\"Article\",\"@id\":\"https:\\\/\\\/davita.jadesignstudio.xyz\\\/dia-mundial-da-saude-assinala-se-a-7-de-abril\\\/#article\",\"isPartOf\":{\"@id\":\"https:\\\/\\\/davita.jadesignstudio.xyz\\\/dia-mundial-da-saude-assinala-se-a-7-de-abril\\\/\"},\"author\":{\"name\":\"jadesignstudio\",\"@id\":\"https:\\\/\\\/www.davita.pt\\\/#\\\/schema\\\/person\\\/f32dbd6b2d272c3ab88f9fda6980d6fd\"},\"headline\":\"Dia Mundial da Sa\u00fade assinala-se a 7 de abril\",\"datePublished\":\"2024-04-07T20:32:34+00:00\",\"dateModified\":\"2025-05-06T23:24:33+00:00\",\"mainEntityOfPage\":{\"@id\":\"https:\\\/\\\/davita.jadesignstudio.xyz\\\/dia-mundial-da-saude-assinala-se-a-7-de-abril\\\/\"},\"wordCount\":129,\"publisher\":{\"@id\":\"https:\\\/\\\/www.davita.pt\\\/#organization\"},\"image\":{\"@id\":\"https:\\\/\\\/davita.jadesignstudio.xyz\\\/dia-mundial-da-saude-assinala-se-a-7-de-abril\\\/#primaryimage\"},\"thumbnailUrl\":\"https:\\\/\\\/www.davita.pt\\\/wp-content\\\/uploads\\\/2025\\\/04\\\/DAVITA-NOTICIAS-Dia_Mundial_da_Saude_Site.jpg\",\"articleSection\":[\"Not\u00edcias\"],\"inLanguage\":\"en-US\"},{\"@type\":\"WebPage\",\"@id\":\"https:\\\/\\\/davita.jadesignstudio.xyz\\\/dia-mundial-da-saude-assinala-se-a-7-de-abril\\\/\",\"url\":\"https:\\\/\\\/davita.jadesignstudio.xyz\\\/dia-mundial-da-saude-assinala-se-a-7-de-abril\\\/\",\"name\":\"Dia Mundial da Sa\u00fade assinala-se a 7 de abril - DaVita Portugal\",\"isPartOf\":{\"@id\":\"https:\\\/\\\/www.davita.pt\\\/#website\"},\"primaryImageOfPage\":{\"@id\":\"https:\\\/\\\/davita.jadesignstudio.xyz\\\/dia-mundial-da-saude-assinala-se-a-7-de-abril\\\/#primaryimage\"},\"image\":{\"@id\":\"https:\\\/\\\/davita.jadesignstudio.xyz\\\/dia-mundial-da-saude-assinala-se-a-7-de-abril\\\/#primaryimage\"},\"thumbnailUrl\":\"https:\\\/\\\/www.davita.pt\\\/wp-content\\\/uploads\\\/2025\\\/04\\\/DAVITA-NOTICIAS-Dia_Mundial_da_Saude_Site.jpg\",\"datePublished\":\"2024-04-07T20:32:34+00:00\",\"dateModified\":\"2025-05-06T23:24:33+00:00\",\"breadcrumb\":{\"@id\":\"https:\\\/\\\/davita.jadesignstudio.xyz\\\/dia-mundial-da-saude-assinala-se-a-7-de-abril\\\/#breadcrumb\"},\"inLanguage\":\"en-US\",\"potentialAction\":[{\"@type\":\"ReadAction\",\"target\":[\"https:\\\/\\\/davita.jadesignstudio.xyz\\\/dia-mundial-da-saude-assinala-se-a-7-de-abril\\\/\"]}]},{\"@type\":\"ImageObject\",\"inLanguage\":\"en-US\",\"@id\":\"https:\\\/\\\/davita.jadesignstudio.xyz\\\/dia-mundial-da-saude-assinala-se-a-7-de-abril\\\/#primaryimage\",\"url\":\"https:\\\/\\\/www.davita.pt\\\/wp-content\\\/uploads\\\/2025\\\/04\\\/DAVITA-NOTICIAS-Dia_Mundial_da_Saude_Site.jpg\",\"contentUrl\":\"https:\\\/\\\/www.davita.pt\\\/wp-content\\\/uploads\\\/2025\\\/04\\\/DAVITA-NOTICIAS-Dia_Mundial_da_Saude_Site.jpg\",\"width\":2001,\"height\":1500,\"caption\":\"DAVITA NOTICIAS Dia Mundial da Saude Site\"},{\"@type\":\"BreadcrumbList\",\"@id\":\"https:\\\/\\\/davita.jadesignstudio.xyz\\\/dia-mundial-da-saude-assinala-se-a-7-de-abril\\\/#breadcrumb\",\"itemListElement\":[{\"@type\":\"ListItem\",\"position\":1,\"name\":\"Home\",\"item\":\"https:\\\/\\\/www.davita.pt\\\/\"},{\"@type\":\"ListItem\",\"position\":2,\"name\":\"Dia Mundial da Sa\u00fade assinala-se a 7 de abril\"}]},{\"@type\":\"WebSite\",\"@id\":\"https:\\\/\\\/www.davita.pt\\\/#website\",\"url\":\"https:\\\/\\\/www.davita.pt\\\/\",\"name\":\"DaVita Portugal\",\"description\":\"\",\"publisher\":{\"@id\":\"https:\\\/\\\/www.davita.pt\\\/#organization\"},\"potentialAction\":[{\"@type\":\"SearchAction\",\"target\":{\"@type\":\"EntryPoint\",\"urlTemplate\":\"https:\\\/\\\/www.davita.pt\\\/?s={search_term_string}\"},\"query-input\":{\"@type\":\"PropertyValueSpecification\",\"valueRequired\":true,\"valueName\":\"search_term_string\"}}],\"inLanguage\":\"en-US\"},{\"@type\":\"Organization\",\"@id\":\"https:\\\/\\\/www.davita.pt\\\/#organization\",\"name\":\"DaVita Portugal\",\"alternateName\":\"IDC \u2013 International Dialysis Center, Lda.\",\"url\":\"https:\\\/\\\/www.davita.pt\\\/\",\"logo\":{\"@type\":\"ImageObject\",\"inLanguage\":\"en-US\",\"@id\":\"https:\\\/\\\/www.davita.pt\\\/#\\\/schema\\\/logo\\\/image\\\/\",\"url\":\"https:\\\/\\\/www.davita.pt\\\/wp-content\\\/uploads\\\/2024\\\/07\\\/13893_DaVita_Logo_RGB_2C_72dpi.png\",\"contentUrl\":\"https:\\\/\\\/www.davita.pt\\\/wp-content\\\/uploads\\\/2024\\\/07\\\/13893_DaVita_Logo_RGB_2C_72dpi.png\",\"width\":456,\"height\":175,\"caption\":\"DaVita Portugal\"},\"image\":{\"@id\":\"https:\\\/\\\/www.davita.pt\\\/#\\\/schema\\\/logo\\\/image\\\/\"},\"sameAs\":[\"https:\\\/\\\/www.facebook.com\\\/Davitaportugal\\\/\",\"https:\\\/\\\/www.linkedin.com\\\/company\\\/davitaportugal\\\/\"]},{\"@type\":\"Person\",\"@id\":\"https:\\\/\\\/www.davita.pt\\\/#\\\/schema\\\/person\\\/f32dbd6b2d272c3ab88f9fda6980d6fd\",\"name\":\"jadesignstudio\",\"image\":{\"@type\":\"ImageObject\",\"inLanguage\":\"en-US\",\"@id\":\"https:\\\/\\\/secure.gravatar.com\\\/avatar\\\/f7c9c0fd426d27c1548821044c7c7deb449e62c4254676f680136f4fdf718f4a?s=96&d=mm&r=g\",\"url\":\"https:\\\/\\\/secure.gravatar.com\\\/avatar\\\/f7c9c0fd426d27c1548821044c7c7deb449e62c4254676f680136f4fdf718f4a?s=96&d=mm&r=g\",\"contentUrl\":\"https:\\\/\\\/secure.gravatar.com\\\/avatar\\\/f7c9c0fd426d27c1548821044c7c7deb449e62c4254676f680136f4fdf718f4a?s=96&d=mm&r=g\",\"caption\":\"jadesignstudio\"},\"url\":\"https:\\\/\\\/www.davita.pt\\\/en\\\/author\\\/jadesignstudio\\\/\"}]}<\/script>\n<!-- \/ Yoast SEO plugin. -->","yoast_head_json":{"title":"Dia Mundial da Sa\u00fade assinala-se a 7 de abril - DaVita Portugal","robots":{"index":"index","follow":"follow","max-snippet":"max-snippet:-1","max-image-preview":"max-image-preview:large","max-video-preview":"max-video-preview:-1"},"canonical":"https:\/\/davita.jadesignstudio.xyz\/dia-mundial-da-saude-assinala-se-a-7-de-abril\/","og_locale":"en_US","og_type":"article","og_title":"Dia Mundial da Sa\u00fade assinala-se a 7 de abril - DaVita Portugal","og_description":"Hoje \u00e9 Dia Mundial da Sa\u00fade! O objetivo \u00e9 consciencializar e educar para a import\u00e2ncia&hellip;","og_url":"https:\/\/davita.jadesignstudio.xyz\/dia-mundial-da-saude-assinala-se-a-7-de-abril\/","og_site_name":"DaVita Portugal","article_publisher":"https:\/\/www.facebook.com\/Davitaportugal\/","article_published_time":"2024-04-07T20:32:34+00:00","article_modified_time":"2025-05-06T23:24:33+00:00","og_image":[{"width":2001,"height":1500,"url":"https:\/\/davita.jadesignstudio.xyz\/wp-content\/uploads\/2025\/04\/DAVITA-NOTICIAS-Dia_Mundial_da_Saude_Site.jpg","type":"image\/jpeg"}],"author":"jadesignstudio","twitter_card":"summary_large_image","twitter_misc":{"Written by":"jadesignstudio","Est. reading time":"1 minute"},"schema":{"@context":"https:\/\/schema.org","@graph":[{"@type":"Article","@id":"https:\/\/davita.jadesignstudio.xyz\/dia-mundial-da-saude-assinala-se-a-7-de-abril\/#article","isPartOf":{"@id":"https:\/\/davita.jadesignstudio.xyz\/dia-mundial-da-saude-assinala-se-a-7-de-abril\/"},"author":{"name":"jadesignstudio","@id":"https:\/\/www.davita.pt\/#\/schema\/person\/f32dbd6b2d272c3ab88f9fda6980d6fd"},"headline":"Dia Mundial da Sa\u00fade assinala-se a 7 de abril","datePublished":"2024-04-07T20:32:34+00:00","dateModified":"2025-05-06T23:24:33+00:00","mainEntityOfPage":{"@id":"https:\/\/davita.jadesignstudio.xyz\/dia-mundial-da-saude-assinala-se-a-7-de-abril\/"},"wordCount":129,"publisher":{"@id":"https:\/\/www.davita.pt\/#organization"},"image":{"@id":"https:\/\/davita.jadesignstudio.xyz\/dia-mundial-da-saude-assinala-se-a-7-de-abril\/#primaryimage"},"thumbnailUrl":"https:\/\/www.davita.pt\/wp-content\/uploads\/2025\/04\/DAVITA-NOTICIAS-Dia_Mundial_da_Saude_Site.jpg","articleSection":["Not\u00edcias"],"inLanguage":"en-US"},{"@type":"WebPage","@id":"https:\/\/davita.jadesignstudio.xyz\/dia-mundial-da-saude-assinala-se-a-7-de-abril\/","url":"https:\/\/davita.jadesignstudio.xyz\/dia-mundial-da-saude-assinala-se-a-7-de-abril\/","name":"Dia Mundial da Sa\u00fade assinala-se a 7 de abril - DaVita Portugal","isPartOf":{"@id":"https:\/\/www.davita.pt\/#website"},"primaryImageOfPage":{"@id":"https:\/\/davita.jadesignstudio.xyz\/dia-mundial-da-saude-assinala-se-a-7-de-abril\/#primaryimage"},"image":{"@id":"https:\/\/davita.jadesignstudio.xyz\/dia-mundial-da-saude-assinala-se-a-7-de-abril\/#primaryimage"},"thumbnailUrl":"https:\/\/www.davita.pt\/wp-content\/uploads\/2025\/04\/DAVITA-NOTICIAS-Dia_Mundial_da_Saude_Site.jpg","datePublished":"2024-04-07T20:32:34+00:00","dateModified":"2025-05-06T23:24:33+00:00","breadcrumb":{"@id":"https:\/\/davita.jadesignstudio.xyz\/dia-mundial-da-saude-assinala-se-a-7-de-abril\/#breadcrumb"},"inLanguage":"en-US","potentialAction":[{"@type":"ReadAction","target":["https:\/\/davita.jadesignstudio.xyz\/dia-mundial-da-saude-assinala-se-a-7-de-abril\/"]}]},{"@type":"ImageObject","inLanguage":"en-US","@id":"https:\/\/davita.jadesignstudio.xyz\/dia-mundial-da-saude-assinala-se-a-7-de-abril\/#primaryimage","url":"https:\/\/www.davita.pt\/wp-content\/uploads\/2025\/04\/DAVITA-NOTICIAS-Dia_Mundial_da_Saude_Site.jpg","contentUrl":"https:\/\/www.davita.pt\/wp-content\/uploads\/2025\/04\/DAVITA-NOTICIAS-Dia_Mundial_da_Saude_Site.jpg","width":2001,"height":1500,"caption":"DAVITA NOTICIAS Dia Mundial da Saude Site"},{"@type":"BreadcrumbList","@id":"https:\/\/davita.jadesignstudio.xyz\/dia-mundial-da-saude-assinala-se-a-7-de-abril\/#breadcrumb","itemListElement":[{"@type":"ListItem","position":1,"name":"Home","item":"https:\/\/www.davita.pt\/"},{"@type":"ListItem","position":2,"name":"Dia Mundial da Sa\u00fade assinala-se a 7 de abril"}]},{"@type":"WebSite","@id":"https:\/\/www.davita.pt\/#website","url":"https:\/\/www.davita.pt\/","name":"DaVita Portugal","description":"","publisher":{"@id":"https:\/\/www.davita.pt\/#organization"},"potentialAction":[{"@type":"SearchAction","target":{"@type":"EntryPoint","urlTemplate":"https:\/\/www.davita.pt\/?s={search_term_string}"},"query-input":{"@type":"PropertyValueSpecification","valueRequired":true,"valueName":"search_term_string"}}],"inLanguage":"en-US"},{"@type":"Organization","@id":"https:\/\/www.davita.pt\/#organization","name":"DaVita Portugal","alternateName":"IDC \u2013 International Dialysis Center, Lda.","url":"https:\/\/www.davita.pt\/","logo":{"@type":"ImageObject","inLanguage":"en-US","@id":"https:\/\/www.davita.pt\/#\/schema\/logo\/image\/","url":"https:\/\/www.davita.pt\/wp-content\/uploads\/2024\/07\/13893_DaVita_Logo_RGB_2C_72dpi.png","contentUrl":"https:\/\/www.davita.pt\/wp-content\/uploads\/2024\/07\/13893_DaVita_Logo_RGB_2C_72dpi.png","width":456,"height":175,"caption":"DaVita Portugal"},"image":{"@id":"https:\/\/www.davita.pt\/#\/schema\/logo\/image\/"},"sameAs":["https:\/\/www.facebook.com\/Davitaportugal\/","https:\/\/www.linkedin.com\/company\/davitaportugal\/"]},{"@type":"Person","@id":"https:\/\/www.davita.pt\/#\/schema\/person\/f32dbd6b2d272c3ab88f9fda6980d6fd","name":"jadesignstudio","image":{"@type":"ImageObject","inLanguage":"en-US","@id":"https:\/\/secure.gravatar.com\/avatar\/f7c9c0fd426d27c1548821044c7c7deb449e62c4254676f680136f4fdf718f4a?s=96&d=mm&r=g","url":"https:\/\/secure.gravatar.com\/avatar\/f7c9c0fd426d27c1548821044c7c7deb449e62c4254676f680136f4fdf718f4a?s=96&d=mm&r=g","contentUrl":"https:\/\/secure.gravatar.com\/avatar\/f7c9c0fd426d27c1548821044c7c7deb449e62c4254676f680136f4fdf718f4a?s=96&d=mm&r=g","caption":"jadesignstudio"},"url":"https:\/\/www.davita.pt\/en\/author\/jadesignstudio\/"}]}},"_links":{"self":[{"href":"https:\/\/www.davita.pt\/en\/wp-json\/wp\/v2\/posts\/59142","targetHints":{"allow":["GET"]}}],"collection":[{"href":"https:\/\/www.davita.pt\/en\/wp-json\/wp\/v2\/posts"}],"about":[{"href":"https:\/\/www.davita.pt\/en\/wp-json\/wp\/v2\/types\/post"}],"author":[{"embeddable":true,"href":"https:\/\/www.davita.pt\/en\/wp-json\/wp\/v2\/users\/1"}],"replies":[{"embeddable":true,"href":"https:\/\/www.davita.pt\/en\/wp-json\/wp\/v2\/comments?post=59142"}],"version-history":[{"count":1,"href":"https:\/\/www.davita.pt\/en\/wp-json\/wp\/v2\/posts\/59142\/revisions"}],"predecessor-version":[{"id":59144,"href":"https:\/\/www.davita.pt\/en\/wp-json\/wp\/v2\/posts\/59142\/revisions\/59144"}],"wp:featuredmedia":[{"embeddable":true,"href":"https:\/\/www.davita.pt\/en\/wp-json\/wp\/v2\/media\/59143"}],"wp:attachment":[{"href":"https:\/\/www.davita.pt\/en\/wp-json\/wp\/v2\/media?parent=59142"}],"wp:term":[{"taxonomy":"category","embeddable":true,"href":"https:\/\/www.davita.pt\/en\/wp-json\/wp\/v2\/categories?post=59142"},{"taxonomy":"post_tag","embeddable":true,"href":"https:\/\/www.davita.pt\/en\/wp-json\/wp\/v2\/tags?post=59142"}],"curies":[{"name":"wp","href":"https:\/\/api.w.org\/{rel}","templated":true}]}}