{"id":59139,"date":"2022-03-07T21:30:32","date_gmt":"2022-03-07T21:30:32","guid":{"rendered":"https:\/\/www.davita.pt\/?p=59139"},"modified":"2025-05-07T00:24:20","modified_gmt":"2025-05-06T23:24:20","slug":"davita-celebra-os-40-anos-da-clinica-de-leiria","status":"publish","type":"post","link":"https:\/\/www.davita.pt\/en\/davita-celebra-os-40-anos-da-clinica-de-leiria\/","title":{"rendered":"DaVita celebra os 40 anos da cl\u00ednica de Leiria"},"content":{"rendered":"<p>A DaVita Portugal\u00a0 realizou\u00a0uma cerim\u00f3nia de comemora\u00e7\u00e3o dos 40 anos da Eurodial &#8211; Centro De Nefrologia e Di\u00e1lise de Leiria, atual DaVita Leiria. As comemora\u00e7\u00f5es tiveram lugar\u00a0nas instala\u00e7\u00f5es da cl\u00ednica, localizada na Rua da Carrasqueira, 19 Parceiros, a\u00a0 24 de mar\u00e7o, e\u00a0contaram\u00a0com a presen\u00e7a\u00a0do presidente e do vereador da C\u00e2mara Municipal de Leiria, Gon\u00e7alo Lopes e Ricardo Santos, do diretor cl\u00ednico do Hospital de Santo Andr\u00e9\/Centro Hospitalar de Leiria, Salvato Maciel Feij\u00f3, do representante do N\u00facleo de Leiria da Associa\u00e7\u00e3o Portuguesa de\u00a0Insuficientes Renais (APIR), Carlos Silva, e, como n\u00e3o poderia deixar de ser, do fundador da\u00a0Eurodial, o nefrologista C\u00e2ndido Ferreira.<\/p>\n<p>A iniciativa contou com breves discursos proferidos por alguns dos convidados acima referidos, assim como pelo diretor-geral da\u00a0DaVita\u00a0Portugal, Paulo Dinis, pelo diretor cl\u00ednico da\u00a0DaVita\u00a0Leiria, Francisco Ferrer, e pelo enfermeiro-chefe, Boaventura Cabecinhas, seguindo-se, depois, uma visita pela cl\u00ednica. O evento terminou com um lanche, onde os presentes puderam, tamb\u00e9m, socializar um pouco e conversar sobre assuntos do seu interesse.<\/p>\n<p>Equipada com tecnologia inovadora, a cl\u00ednica de Leiria conta com 54 postos de tratamento e capacidade para dar assist\u00eancia a um total de 324 doentes por semana.<\/p>","protected":false},"excerpt":{"rendered":"<p>A DaVita Portugal\u00a0 realizou\u00a0uma cerim\u00f3nia de comemora\u00e7\u00e3o dos 40 anos da Eurodial &#8211; Centro De&hellip;<\/p>","protected":false},"author":1,"featured_media":59140,"comment_status":"closed","ping_status":"closed","sticky":false,"template":"","format":"standard","meta":{"footnotes":""},"categories":[276],"tags":[],"class_list":["post-59139","post","type-post","status-publish","format-standard","has-post-thumbnail","hentry","category-noticias"],"yoast_head":"<!-- This site is optimized with the Yoast SEO plugin v27.5 - https:\/\/yoast.com\/product\/yoast-seo-wordpress\/ -->\n<title>DaVita celebra os 40 anos da cl\u00ednica de Leiria - DaVita Portugal<\/title>\n<meta name=\"robots\" content=\"index, follow, max-snippet:-1, max-image-preview:large, max-video-preview:-1\" \/>\n<link rel=\"canonical\" href=\"https:\/\/davita.jadesignstudio.xyz\/davita-celebra-os-40-anos-da-clinica-de-leiria\/\" \/>\n<meta property=\"og:locale\" content=\"en_US\" \/>\n<meta property=\"og:type\" content=\"article\" \/>\n<meta property=\"og:title\" content=\"DaVita celebra os 40 anos da cl\u00ednica de Leiria - DaVita Portugal\" \/>\n<meta property=\"og:description\" content=\"A DaVita Portugal\u00a0 realizou\u00a0uma cerim\u00f3nia de comemora\u00e7\u00e3o dos 40 anos da Eurodial &#8211; Centro De&hellip;\" \/>\n<meta property=\"og:url\" content=\"https:\/\/davita.jadesignstudio.xyz\/davita-celebra-os-40-anos-da-clinica-de-leiria\/\" \/>\n<meta property=\"og:site_name\" content=\"DaVita Portugal\" \/>\n<meta property=\"article:publisher\" content=\"https:\/\/www.facebook.com\/Davitaportugal\/\" \/>\n<meta property=\"article:published_time\" content=\"2022-03-07T21:30:32+00:00\" \/>\n<meta property=\"article:modified_time\" content=\"2025-05-06T23:24:20+00:00\" \/>\n<meta property=\"og:image\" content=\"https:\/\/davita.jadesignstudio.xyz\/wp-content\/uploads\/2025\/04\/DAVITA-NOTICIAS-40Anosv2_ImagemSite.jpg\" \/>\n\t<meta property=\"og:image:width\" content=\"2000\" \/>\n\t<meta property=\"og:image:height\" content=\"1500\" \/>\n\t<meta property=\"og:image:type\" content=\"image\/jpeg\" \/>\n<meta name=\"author\" content=\"jadesignstudio\" \/>\n<meta name=\"twitter:card\" content=\"summary_large_image\" \/>\n<meta name=\"twitter:label1\" content=\"Written by\" \/>\n\t<meta name=\"twitter:data1\" content=\"jadesignstudio\" \/>\n\t<meta name=\"twitter:label2\" content=\"Est. reading time\" \/>\n\t<meta name=\"twitter:data2\" content=\"1 minute\" \/>\n<script type=\"application\/ld+json\" class=\"yoast-schema-graph\">{\"@context\":\"https:\\\/\\\/schema.org\",\"@graph\":[{\"@type\":\"Article\",\"@id\":\"https:\\\/\\\/davita.jadesignstudio.xyz\\\/davita-celebra-os-40-anos-da-clinica-de-leiria\\\/#article\",\"isPartOf\":{\"@id\":\"https:\\\/\\\/davita.jadesignstudio.xyz\\\/davita-celebra-os-40-anos-da-clinica-de-leiria\\\/\"},\"author\":{\"name\":\"jadesignstudio\",\"@id\":\"https:\\\/\\\/www.davita.pt\\\/#\\\/schema\\\/person\\\/f32dbd6b2d272c3ab88f9fda6980d6fd\"},\"headline\":\"DaVita celebra os 40 anos da cl\u00ednica de Leiria\",\"datePublished\":\"2022-03-07T21:30:32+00:00\",\"dateModified\":\"2025-05-06T23:24:20+00:00\",\"mainEntityOfPage\":{\"@id\":\"https:\\\/\\\/davita.jadesignstudio.xyz\\\/davita-celebra-os-40-anos-da-clinica-de-leiria\\\/\"},\"wordCount\":221,\"publisher\":{\"@id\":\"https:\\\/\\\/www.davita.pt\\\/#organization\"},\"image\":{\"@id\":\"https:\\\/\\\/davita.jadesignstudio.xyz\\\/davita-celebra-os-40-anos-da-clinica-de-leiria\\\/#primaryimage\"},\"thumbnailUrl\":\"https:\\\/\\\/www.davita.pt\\\/wp-content\\\/uploads\\\/2025\\\/04\\\/DAVITA-NOTICIAS-40Anosv2_ImagemSite.jpg\",\"articleSection\":[\"Not\u00edcias\"],\"inLanguage\":\"en-US\"},{\"@type\":\"WebPage\",\"@id\":\"https:\\\/\\\/davita.jadesignstudio.xyz\\\/davita-celebra-os-40-anos-da-clinica-de-leiria\\\/\",\"url\":\"https:\\\/\\\/davita.jadesignstudio.xyz\\\/davita-celebra-os-40-anos-da-clinica-de-leiria\\\/\",\"name\":\"DaVita celebra os 40 anos da cl\u00ednica de Leiria - DaVita Portugal\",\"isPartOf\":{\"@id\":\"https:\\\/\\\/www.davita.pt\\\/#website\"},\"primaryImageOfPage\":{\"@id\":\"https:\\\/\\\/davita.jadesignstudio.xyz\\\/davita-celebra-os-40-anos-da-clinica-de-leiria\\\/#primaryimage\"},\"image\":{\"@id\":\"https:\\\/\\\/davita.jadesignstudio.xyz\\\/davita-celebra-os-40-anos-da-clinica-de-leiria\\\/#primaryimage\"},\"thumbnailUrl\":\"https:\\\/\\\/www.davita.pt\\\/wp-content\\\/uploads\\\/2025\\\/04\\\/DAVITA-NOTICIAS-40Anosv2_ImagemSite.jpg\",\"datePublished\":\"2022-03-07T21:30:32+00:00\",\"dateModified\":\"2025-05-06T23:24:20+00:00\",\"breadcrumb\":{\"@id\":\"https:\\\/\\\/davita.jadesignstudio.xyz\\\/davita-celebra-os-40-anos-da-clinica-de-leiria\\\/#breadcrumb\"},\"inLanguage\":\"en-US\",\"potentialAction\":[{\"@type\":\"ReadAction\",\"target\":[\"https:\\\/\\\/davita.jadesignstudio.xyz\\\/davita-celebra-os-40-anos-da-clinica-de-leiria\\\/\"]}]},{\"@type\":\"ImageObject\",\"inLanguage\":\"en-US\",\"@id\":\"https:\\\/\\\/davita.jadesignstudio.xyz\\\/davita-celebra-os-40-anos-da-clinica-de-leiria\\\/#primaryimage\",\"url\":\"https:\\\/\\\/www.davita.pt\\\/wp-content\\\/uploads\\\/2025\\\/04\\\/DAVITA-NOTICIAS-40Anosv2_ImagemSite.jpg\",\"contentUrl\":\"https:\\\/\\\/www.davita.pt\\\/wp-content\\\/uploads\\\/2025\\\/04\\\/DAVITA-NOTICIAS-40Anosv2_ImagemSite.jpg\",\"width\":2000,\"height\":1500,\"caption\":\"DAVITA NOTICIAS 40Anosv2 ImagemSite\"},{\"@type\":\"BreadcrumbList\",\"@id\":\"https:\\\/\\\/davita.jadesignstudio.xyz\\\/davita-celebra-os-40-anos-da-clinica-de-leiria\\\/#breadcrumb\",\"itemListElement\":[{\"@type\":\"ListItem\",\"position\":1,\"name\":\"Home\",\"item\":\"https:\\\/\\\/www.davita.pt\\\/\"},{\"@type\":\"ListItem\",\"position\":2,\"name\":\"DaVita celebra os 40 anos da cl\u00ednica de Leiria\"}]},{\"@type\":\"WebSite\",\"@id\":\"https:\\\/\\\/www.davita.pt\\\/#website\",\"url\":\"https:\\\/\\\/www.davita.pt\\\/\",\"name\":\"DaVita Portugal\",\"description\":\"\",\"publisher\":{\"@id\":\"https:\\\/\\\/www.davita.pt\\\/#organization\"},\"potentialAction\":[{\"@type\":\"SearchAction\",\"target\":{\"@type\":\"EntryPoint\",\"urlTemplate\":\"https:\\\/\\\/www.davita.pt\\\/?s={search_term_string}\"},\"query-input\":{\"@type\":\"PropertyValueSpecification\",\"valueRequired\":true,\"valueName\":\"search_term_string\"}}],\"inLanguage\":\"en-US\"},{\"@type\":\"Organization\",\"@id\":\"https:\\\/\\\/www.davita.pt\\\/#organization\",\"name\":\"DaVita Portugal\",\"alternateName\":\"IDC \u2013 International Dialysis Center, Lda.\",\"url\":\"https:\\\/\\\/www.davita.pt\\\/\",\"logo\":{\"@type\":\"ImageObject\",\"inLanguage\":\"en-US\",\"@id\":\"https:\\\/\\\/www.davita.pt\\\/#\\\/schema\\\/logo\\\/image\\\/\",\"url\":\"https:\\\/\\\/www.davita.pt\\\/wp-content\\\/uploads\\\/2024\\\/07\\\/13893_DaVita_Logo_RGB_2C_72dpi.png\",\"contentUrl\":\"https:\\\/\\\/www.davita.pt\\\/wp-content\\\/uploads\\\/2024\\\/07\\\/13893_DaVita_Logo_RGB_2C_72dpi.png\",\"width\":456,\"height\":175,\"caption\":\"DaVita Portugal\"},\"image\":{\"@id\":\"https:\\\/\\\/www.davita.pt\\\/#\\\/schema\\\/logo\\\/image\\\/\"},\"sameAs\":[\"https:\\\/\\\/www.facebook.com\\\/Davitaportugal\\\/\",\"https:\\\/\\\/www.linkedin.com\\\/company\\\/davitaportugal\\\/\"]},{\"@type\":\"Person\",\"@id\":\"https:\\\/\\\/www.davita.pt\\\/#\\\/schema\\\/person\\\/f32dbd6b2d272c3ab88f9fda6980d6fd\",\"name\":\"jadesignstudio\",\"image\":{\"@type\":\"ImageObject\",\"inLanguage\":\"en-US\",\"@id\":\"https:\\\/\\\/secure.gravatar.com\\\/avatar\\\/f7c9c0fd426d27c1548821044c7c7deb449e62c4254676f680136f4fdf718f4a?s=96&d=mm&r=g\",\"url\":\"https:\\\/\\\/secure.gravatar.com\\\/avatar\\\/f7c9c0fd426d27c1548821044c7c7deb449e62c4254676f680136f4fdf718f4a?s=96&d=mm&r=g\",\"contentUrl\":\"https:\\\/\\\/secure.gravatar.com\\\/avatar\\\/f7c9c0fd426d27c1548821044c7c7deb449e62c4254676f680136f4fdf718f4a?s=96&d=mm&r=g\",\"caption\":\"jadesignstudio\"},\"url\":\"https:\\\/\\\/www.davita.pt\\\/en\\\/author\\\/jadesignstudio\\\/\"}]}<\/script>\n<!-- \/ Yoast SEO plugin. -->","yoast_head_json":{"title":"DaVita celebra os 40 anos da cl\u00ednica de Leiria - DaVita Portugal","robots":{"index":"index","follow":"follow","max-snippet":"max-snippet:-1","max-image-preview":"max-image-preview:large","max-video-preview":"max-video-preview:-1"},"canonical":"https:\/\/davita.jadesignstudio.xyz\/davita-celebra-os-40-anos-da-clinica-de-leiria\/","og_locale":"en_US","og_type":"article","og_title":"DaVita celebra os 40 anos da cl\u00ednica de Leiria - DaVita Portugal","og_description":"A DaVita Portugal\u00a0 realizou\u00a0uma cerim\u00f3nia de comemora\u00e7\u00e3o dos 40 anos da Eurodial &#8211; Centro De&hellip;","og_url":"https:\/\/davita.jadesignstudio.xyz\/davita-celebra-os-40-anos-da-clinica-de-leiria\/","og_site_name":"DaVita Portugal","article_publisher":"https:\/\/www.facebook.com\/Davitaportugal\/","article_published_time":"2022-03-07T21:30:32+00:00","article_modified_time":"2025-05-06T23:24:20+00:00","og_image":[{"width":2000,"height":1500,"url":"https:\/\/davita.jadesignstudio.xyz\/wp-content\/uploads\/2025\/04\/DAVITA-NOTICIAS-40Anosv2_ImagemSite.jpg","type":"image\/jpeg"}],"author":"jadesignstudio","twitter_card":"summary_large_image","twitter_misc":{"Written by":"jadesignstudio","Est. reading time":"1 minute"},"schema":{"@context":"https:\/\/schema.org","@graph":[{"@type":"Article","@id":"https:\/\/davita.jadesignstudio.xyz\/davita-celebra-os-40-anos-da-clinica-de-leiria\/#article","isPartOf":{"@id":"https:\/\/davita.jadesignstudio.xyz\/davita-celebra-os-40-anos-da-clinica-de-leiria\/"},"author":{"name":"jadesignstudio","@id":"https:\/\/www.davita.pt\/#\/schema\/person\/f32dbd6b2d272c3ab88f9fda6980d6fd"},"headline":"DaVita celebra os 40 anos da cl\u00ednica de Leiria","datePublished":"2022-03-07T21:30:32+00:00","dateModified":"2025-05-06T23:24:20+00:00","mainEntityOfPage":{"@id":"https:\/\/davita.jadesignstudio.xyz\/davita-celebra-os-40-anos-da-clinica-de-leiria\/"},"wordCount":221,"publisher":{"@id":"https:\/\/www.davita.pt\/#organization"},"image":{"@id":"https:\/\/davita.jadesignstudio.xyz\/davita-celebra-os-40-anos-da-clinica-de-leiria\/#primaryimage"},"thumbnailUrl":"https:\/\/www.davita.pt\/wp-content\/uploads\/2025\/04\/DAVITA-NOTICIAS-40Anosv2_ImagemSite.jpg","articleSection":["Not\u00edcias"],"inLanguage":"en-US"},{"@type":"WebPage","@id":"https:\/\/davita.jadesignstudio.xyz\/davita-celebra-os-40-anos-da-clinica-de-leiria\/","url":"https:\/\/davita.jadesignstudio.xyz\/davita-celebra-os-40-anos-da-clinica-de-leiria\/","name":"DaVita celebra os 40 anos da cl\u00ednica de Leiria - DaVita Portugal","isPartOf":{"@id":"https:\/\/www.davita.pt\/#website"},"primaryImageOfPage":{"@id":"https:\/\/davita.jadesignstudio.xyz\/davita-celebra-os-40-anos-da-clinica-de-leiria\/#primaryimage"},"image":{"@id":"https:\/\/davita.jadesignstudio.xyz\/davita-celebra-os-40-anos-da-clinica-de-leiria\/#primaryimage"},"thumbnailUrl":"https:\/\/www.davita.pt\/wp-content\/uploads\/2025\/04\/DAVITA-NOTICIAS-40Anosv2_ImagemSite.jpg","datePublished":"2022-03-07T21:30:32+00:00","dateModified":"2025-05-06T23:24:20+00:00","breadcrumb":{"@id":"https:\/\/davita.jadesignstudio.xyz\/davita-celebra-os-40-anos-da-clinica-de-leiria\/#breadcrumb"},"inLanguage":"en-US","potentialAction":[{"@type":"ReadAction","target":["https:\/\/davita.jadesignstudio.xyz\/davita-celebra-os-40-anos-da-clinica-de-leiria\/"]}]},{"@type":"ImageObject","inLanguage":"en-US","@id":"https:\/\/davita.jadesignstudio.xyz\/davita-celebra-os-40-anos-da-clinica-de-leiria\/#primaryimage","url":"https:\/\/www.davita.pt\/wp-content\/uploads\/2025\/04\/DAVITA-NOTICIAS-40Anosv2_ImagemSite.jpg","contentUrl":"https:\/\/www.davita.pt\/wp-content\/uploads\/2025\/04\/DAVITA-NOTICIAS-40Anosv2_ImagemSite.jpg","width":2000,"height":1500,"caption":"DAVITA NOTICIAS 40Anosv2 ImagemSite"},{"@type":"BreadcrumbList","@id":"https:\/\/davita.jadesignstudio.xyz\/davita-celebra-os-40-anos-da-clinica-de-leiria\/#breadcrumb","itemListElement":[{"@type":"ListItem","position":1,"name":"Home","item":"https:\/\/www.davita.pt\/"},{"@type":"ListItem","position":2,"name":"DaVita celebra os 40 anos da cl\u00ednica de Leiria"}]},{"@type":"WebSite","@id":"https:\/\/www.davita.pt\/#website","url":"https:\/\/www.davita.pt\/","name":"DaVita Portugal","description":"","publisher":{"@id":"https:\/\/www.davita.pt\/#organization"},"potentialAction":[{"@type":"SearchAction","target":{"@type":"EntryPoint","urlTemplate":"https:\/\/www.davita.pt\/?s={search_term_string}"},"query-input":{"@type":"PropertyValueSpecification","valueRequired":true,"valueName":"search_term_string"}}],"inLanguage":"en-US"},{"@type":"Organization","@id":"https:\/\/www.davita.pt\/#organization","name":"DaVita Portugal","alternateName":"IDC \u2013 International Dialysis Center, Lda.","url":"https:\/\/www.davita.pt\/","logo":{"@type":"ImageObject","inLanguage":"en-US","@id":"https:\/\/www.davita.pt\/#\/schema\/logo\/image\/","url":"https:\/\/www.davita.pt\/wp-content\/uploads\/2024\/07\/13893_DaVita_Logo_RGB_2C_72dpi.png","contentUrl":"https:\/\/www.davita.pt\/wp-content\/uploads\/2024\/07\/13893_DaVita_Logo_RGB_2C_72dpi.png","width":456,"height":175,"caption":"DaVita Portugal"},"image":{"@id":"https:\/\/www.davita.pt\/#\/schema\/logo\/image\/"},"sameAs":["https:\/\/www.facebook.com\/Davitaportugal\/","https:\/\/www.linkedin.com\/company\/davitaportugal\/"]},{"@type":"Person","@id":"https:\/\/www.davita.pt\/#\/schema\/person\/f32dbd6b2d272c3ab88f9fda6980d6fd","name":"jadesignstudio","image":{"@type":"ImageObject","inLanguage":"en-US","@id":"https:\/\/secure.gravatar.com\/avatar\/f7c9c0fd426d27c1548821044c7c7deb449e62c4254676f680136f4fdf718f4a?s=96&d=mm&r=g","url":"https:\/\/secure.gravatar.com\/avatar\/f7c9c0fd426d27c1548821044c7c7deb449e62c4254676f680136f4fdf718f4a?s=96&d=mm&r=g","contentUrl":"https:\/\/secure.gravatar.com\/avatar\/f7c9c0fd426d27c1548821044c7c7deb449e62c4254676f680136f4fdf718f4a?s=96&d=mm&r=g","caption":"jadesignstudio"},"url":"https:\/\/www.davita.pt\/en\/author\/jadesignstudio\/"}]}},"_links":{"self":[{"href":"https:\/\/www.davita.pt\/en\/wp-json\/wp\/v2\/posts\/59139","targetHints":{"allow":["GET"]}}],"collection":[{"href":"https:\/\/www.davita.pt\/en\/wp-json\/wp\/v2\/posts"}],"about":[{"href":"https:\/\/www.davita.pt\/en\/wp-json\/wp\/v2\/types\/post"}],"author":[{"embeddable":true,"href":"https:\/\/www.davita.pt\/en\/wp-json\/wp\/v2\/users\/1"}],"replies":[{"embeddable":true,"href":"https:\/\/www.davita.pt\/en\/wp-json\/wp\/v2\/comments?post=59139"}],"version-history":[{"count":1,"href":"https:\/\/www.davita.pt\/en\/wp-json\/wp\/v2\/posts\/59139\/revisions"}],"predecessor-version":[{"id":59141,"href":"https:\/\/www.davita.pt\/en\/wp-json\/wp\/v2\/posts\/59139\/revisions\/59141"}],"wp:featuredmedia":[{"embeddable":true,"href":"https:\/\/www.davita.pt\/en\/wp-json\/wp\/v2\/media\/59140"}],"wp:attachment":[{"href":"https:\/\/www.davita.pt\/en\/wp-json\/wp\/v2\/media?parent=59139"}],"wp:term":[{"taxonomy":"category","embeddable":true,"href":"https:\/\/www.davita.pt\/en\/wp-json\/wp\/v2\/categories?post=59139"},{"taxonomy":"post_tag","embeddable":true,"href":"https:\/\/www.davita.pt\/en\/wp-json\/wp\/v2\/tags?post=59139"}],"curies":[{"name":"wp","href":"https:\/\/api.w.org\/{rel}","templated":true}]}}