{"id":47291,"date":"2021-06-14T15:38:44","date_gmt":"2021-06-14T14:38:44","guid":{"rendered":"http:\/\/itech.dv.ancorathemes.com\/?p=47291"},"modified":"2025-07-16T13:40:15","modified_gmt":"2025-07-16T12:40:15","slug":"davita-portugal-abre-clinica-em-lamego","status":"publish","type":"post","link":"https:\/\/www.davita.pt\/en\/davita-portugal-abre-clinica-em-lamego\/","title":{"rendered":"DaVita Portugal abre cl\u00ednica em Lamego"},"content":{"rendered":"<p>A DaVita Portugal vai abrir uma nova cl\u00ednica de hemodi\u00e1lise no antigo Hospital de Lamego. Trata-se de um projeto desenvolvido em parceria com a Santa Casa de Miseric\u00f3rdia de Lamego, com o objetivo de aproximar o tratamento de di\u00e1lise aos doentes desta zona do pa\u00eds. A inaugura\u00e7\u00e3o da DaVita Lamego est\u00e1 prevista j\u00e1 para o pr\u00f3ximo m\u00eas de setembro.<\/p>\n<p>\u201cA constru\u00e7\u00e3o e abertura de uma nova cl\u00ednica reflete a nossa miss\u00e3o em inovar e acrescentar valor \u00e0 presta\u00e7\u00e3o de cuidados renais e vem solucionar as car\u00eancias do concelho de Lamego na \u00e1rea da Di\u00e1lise, que t\u00eam obrigado as pessoas com doen\u00e7a renal cr\u00f3nica a deslocar-se aos concelhos vizinhos para fazerem os seus tratamentos. Desta forma, estamos a contribuir para a melhoria da qualidade de vida dos doentes e dos seus familiares\u201d, refere Paulo Dinis, Diretor-Geral da DaVita Portugal.<\/p>\n<p>E continua: \u201cEstamos a reconstruir uma das alas do antigo Hospital de Lamego, que estava ao abandono desde 2013, aquando da inaugura\u00e7\u00e3o do novo hospital, o que ser\u00e1 tamb\u00e9m uma mais-valia para a cidade. Al\u00e9m disso, a nova cl\u00ednica vai criar postos de trabalho para a popula\u00e7\u00e3o residente no concelho.\u201d<\/p>\n<p>A DaVita Lamego vai estar equipada com tecnologia inovadora, disponibilizando 20 postos de tratamento. V\u00e3o ser realizados tr\u00eas turnos di\u00e1rios, o que vai permitir prestar assist\u00eancia diferenciada na \u00e1rea da hemodi\u00e1lise a um total de 120 doentes por semana.<\/p>\n<p><img fetchpriority=\"high\" decoding=\"async\" class=\"alignnone wp-image-59114 size-healthhub-thumb-big\" src=\"https:\/\/www.davita.pt\/wp-content\/uploads\/2023\/10\/DAVITA-NOTICIAS-IMG_7973-840x473.jpg\" alt=\"\" width=\"840\" height=\"473\" srcset=\"https:\/\/www.davita.pt\/wp-content\/uploads\/2023\/10\/DAVITA-NOTICIAS-IMG_7973-840x473.jpg 840w, https:\/\/www.davita.pt\/wp-content\/uploads\/2023\/10\/DAVITA-NOTICIAS-IMG_7973-1290x725.jpg 1290w, https:\/\/www.davita.pt\/wp-content\/uploads\/2023\/10\/DAVITA-NOTICIAS-IMG_7973-410x230.jpg 410w, https:\/\/www.davita.pt\/wp-content\/uploads\/2023\/10\/DAVITA-NOTICIAS-IMG_7973-270x152.jpg 270w\" sizes=\"(max-width: 840px) 100vw, 840px\" \/><\/p>","protected":false},"excerpt":{"rendered":"<p>A DaVita Portugal vai abrir uma nova cl\u00ednica de hemodi\u00e1lise no antigo Hospital de Lamego.&hellip;<\/p>","protected":false},"author":1,"featured_media":61404,"comment_status":"closed","ping_status":"closed","sticky":false,"template":"","format":"standard","meta":{"footnotes":""},"categories":[276],"tags":[],"class_list":["post-47291","post","type-post","status-publish","format-standard","has-post-thumbnail","hentry","category-noticias"],"yoast_head":"<!-- This site is optimized with the Yoast SEO plugin v27.5 - https:\/\/yoast.com\/product\/yoast-seo-wordpress\/ -->\n<title>DaVita Portugal abre cl\u00ednica em Lamego - DaVita Portugal<\/title>\n<meta name=\"robots\" content=\"index, follow, max-snippet:-1, max-image-preview:large, max-video-preview:-1\" \/>\n<link rel=\"canonical\" href=\"https:\/\/davita.jadesignstudio.xyz\/davita-portugal-abre-clinica-em-lamego\/\" \/>\n<meta property=\"og:locale\" content=\"en_US\" \/>\n<meta property=\"og:type\" content=\"article\" \/>\n<meta property=\"og:title\" content=\"DaVita Portugal abre cl\u00ednica em Lamego - DaVita Portugal\" \/>\n<meta property=\"og:description\" content=\"A DaVita Portugal vai abrir uma nova cl\u00ednica de hemodi\u00e1lise no antigo Hospital de Lamego.&hellip;\" \/>\n<meta property=\"og:url\" content=\"https:\/\/davita.jadesignstudio.xyz\/davita-portugal-abre-clinica-em-lamego\/\" \/>\n<meta property=\"og:site_name\" content=\"DaVita Portugal\" \/>\n<meta property=\"article:publisher\" content=\"https:\/\/www.facebook.com\/Davitaportugal\/\" \/>\n<meta property=\"article:published_time\" content=\"2021-06-14T14:38:44+00:00\" \/>\n<meta property=\"article:modified_time\" content=\"2025-07-16T12:40:15+00:00\" \/>\n<meta property=\"og:image\" content=\"https:\/\/davita.jadesignstudio.xyz\/wp-content\/uploads\/2021\/06\/DaVita-Portugal-abre-clinica-em-Lamego.jpg\" \/>\n\t<meta property=\"og:image:width\" content=\"1920\" \/>\n\t<meta property=\"og:image:height\" content=\"1080\" \/>\n\t<meta property=\"og:image:type\" content=\"image\/jpeg\" \/>\n<meta name=\"author\" content=\"jadesignstudio\" \/>\n<meta name=\"twitter:card\" content=\"summary_large_image\" \/>\n<meta name=\"twitter:label1\" content=\"Written by\" \/>\n\t<meta name=\"twitter:data1\" content=\"jadesignstudio\" \/>\n\t<meta name=\"twitter:label2\" content=\"Est. reading time\" \/>\n\t<meta name=\"twitter:data2\" content=\"2 minutes\" \/>\n<script type=\"application\/ld+json\" class=\"yoast-schema-graph\">{\"@context\":\"https:\\\/\\\/schema.org\",\"@graph\":[{\"@type\":\"Article\",\"@id\":\"https:\\\/\\\/davita.jadesignstudio.xyz\\\/davita-portugal-abre-clinica-em-lamego\\\/#article\",\"isPartOf\":{\"@id\":\"https:\\\/\\\/davita.jadesignstudio.xyz\\\/davita-portugal-abre-clinica-em-lamego\\\/\"},\"author\":{\"name\":\"jadesignstudio\",\"@id\":\"https:\\\/\\\/www.davita.pt\\\/#\\\/schema\\\/person\\\/f32dbd6b2d272c3ab88f9fda6980d6fd\"},\"headline\":\"DaVita Portugal abre cl\u00ednica em Lamego\",\"datePublished\":\"2021-06-14T14:38:44+00:00\",\"dateModified\":\"2025-07-16T12:40:15+00:00\",\"mainEntityOfPage\":{\"@id\":\"https:\\\/\\\/davita.jadesignstudio.xyz\\\/davita-portugal-abre-clinica-em-lamego\\\/\"},\"wordCount\":257,\"publisher\":{\"@id\":\"https:\\\/\\\/www.davita.pt\\\/#organization\"},\"image\":{\"@id\":\"https:\\\/\\\/davita.jadesignstudio.xyz\\\/davita-portugal-abre-clinica-em-lamego\\\/#primaryimage\"},\"thumbnailUrl\":\"https:\\\/\\\/www.davita.pt\\\/wp-content\\\/uploads\\\/2021\\\/06\\\/DaVita-Portugal-abre-clinica-em-Lamego.jpg\",\"articleSection\":[\"Not\u00edcias\"],\"inLanguage\":\"en-US\"},{\"@type\":\"WebPage\",\"@id\":\"https:\\\/\\\/davita.jadesignstudio.xyz\\\/davita-portugal-abre-clinica-em-lamego\\\/\",\"url\":\"https:\\\/\\\/davita.jadesignstudio.xyz\\\/davita-portugal-abre-clinica-em-lamego\\\/\",\"name\":\"DaVita Portugal abre cl\u00ednica em Lamego - DaVita Portugal\",\"isPartOf\":{\"@id\":\"https:\\\/\\\/www.davita.pt\\\/#website\"},\"primaryImageOfPage\":{\"@id\":\"https:\\\/\\\/davita.jadesignstudio.xyz\\\/davita-portugal-abre-clinica-em-lamego\\\/#primaryimage\"},\"image\":{\"@id\":\"https:\\\/\\\/davita.jadesignstudio.xyz\\\/davita-portugal-abre-clinica-em-lamego\\\/#primaryimage\"},\"thumbnailUrl\":\"https:\\\/\\\/www.davita.pt\\\/wp-content\\\/uploads\\\/2021\\\/06\\\/DaVita-Portugal-abre-clinica-em-Lamego.jpg\",\"datePublished\":\"2021-06-14T14:38:44+00:00\",\"dateModified\":\"2025-07-16T12:40:15+00:00\",\"breadcrumb\":{\"@id\":\"https:\\\/\\\/davita.jadesignstudio.xyz\\\/davita-portugal-abre-clinica-em-lamego\\\/#breadcrumb\"},\"inLanguage\":\"en-US\",\"potentialAction\":[{\"@type\":\"ReadAction\",\"target\":[\"https:\\\/\\\/davita.jadesignstudio.xyz\\\/davita-portugal-abre-clinica-em-lamego\\\/\"]}]},{\"@type\":\"ImageObject\",\"inLanguage\":\"en-US\",\"@id\":\"https:\\\/\\\/davita.jadesignstudio.xyz\\\/davita-portugal-abre-clinica-em-lamego\\\/#primaryimage\",\"url\":\"https:\\\/\\\/www.davita.pt\\\/wp-content\\\/uploads\\\/2021\\\/06\\\/DaVita-Portugal-abre-clinica-em-Lamego.jpg\",\"contentUrl\":\"https:\\\/\\\/www.davita.pt\\\/wp-content\\\/uploads\\\/2021\\\/06\\\/DaVita-Portugal-abre-clinica-em-Lamego.jpg\",\"width\":1920,\"height\":1080,\"caption\":\"DaVita Portugal abre cl\u00ednica em Lamego\"},{\"@type\":\"BreadcrumbList\",\"@id\":\"https:\\\/\\\/davita.jadesignstudio.xyz\\\/davita-portugal-abre-clinica-em-lamego\\\/#breadcrumb\",\"itemListElement\":[{\"@type\":\"ListItem\",\"position\":1,\"name\":\"Home\",\"item\":\"https:\\\/\\\/www.davita.pt\\\/\"},{\"@type\":\"ListItem\",\"position\":2,\"name\":\"DaVita Portugal abre cl\u00ednica em Lamego\"}]},{\"@type\":\"WebSite\",\"@id\":\"https:\\\/\\\/www.davita.pt\\\/#website\",\"url\":\"https:\\\/\\\/www.davita.pt\\\/\",\"name\":\"DaVita Portugal\",\"description\":\"\",\"publisher\":{\"@id\":\"https:\\\/\\\/www.davita.pt\\\/#organization\"},\"potentialAction\":[{\"@type\":\"SearchAction\",\"target\":{\"@type\":\"EntryPoint\",\"urlTemplate\":\"https:\\\/\\\/www.davita.pt\\\/?s={search_term_string}\"},\"query-input\":{\"@type\":\"PropertyValueSpecification\",\"valueRequired\":true,\"valueName\":\"search_term_string\"}}],\"inLanguage\":\"en-US\"},{\"@type\":\"Organization\",\"@id\":\"https:\\\/\\\/www.davita.pt\\\/#organization\",\"name\":\"DaVita Portugal\",\"alternateName\":\"IDC \u2013 International Dialysis Center, Lda.\",\"url\":\"https:\\\/\\\/www.davita.pt\\\/\",\"logo\":{\"@type\":\"ImageObject\",\"inLanguage\":\"en-US\",\"@id\":\"https:\\\/\\\/www.davita.pt\\\/#\\\/schema\\\/logo\\\/image\\\/\",\"url\":\"https:\\\/\\\/www.davita.pt\\\/wp-content\\\/uploads\\\/2024\\\/07\\\/13893_DaVita_Logo_RGB_2C_72dpi.png\",\"contentUrl\":\"https:\\\/\\\/www.davita.pt\\\/wp-content\\\/uploads\\\/2024\\\/07\\\/13893_DaVita_Logo_RGB_2C_72dpi.png\",\"width\":456,\"height\":175,\"caption\":\"DaVita Portugal\"},\"image\":{\"@id\":\"https:\\\/\\\/www.davita.pt\\\/#\\\/schema\\\/logo\\\/image\\\/\"},\"sameAs\":[\"https:\\\/\\\/www.facebook.com\\\/Davitaportugal\\\/\",\"https:\\\/\\\/www.linkedin.com\\\/company\\\/davitaportugal\\\/\"]},{\"@type\":\"Person\",\"@id\":\"https:\\\/\\\/www.davita.pt\\\/#\\\/schema\\\/person\\\/f32dbd6b2d272c3ab88f9fda6980d6fd\",\"name\":\"jadesignstudio\",\"image\":{\"@type\":\"ImageObject\",\"inLanguage\":\"en-US\",\"@id\":\"https:\\\/\\\/secure.gravatar.com\\\/avatar\\\/f7c9c0fd426d27c1548821044c7c7deb449e62c4254676f680136f4fdf718f4a?s=96&d=mm&r=g\",\"url\":\"https:\\\/\\\/secure.gravatar.com\\\/avatar\\\/f7c9c0fd426d27c1548821044c7c7deb449e62c4254676f680136f4fdf718f4a?s=96&d=mm&r=g\",\"contentUrl\":\"https:\\\/\\\/secure.gravatar.com\\\/avatar\\\/f7c9c0fd426d27c1548821044c7c7deb449e62c4254676f680136f4fdf718f4a?s=96&d=mm&r=g\",\"caption\":\"jadesignstudio\"},\"url\":\"https:\\\/\\\/www.davita.pt\\\/en\\\/author\\\/jadesignstudio\\\/\"}]}<\/script>\n<!-- \/ Yoast SEO plugin. -->","yoast_head_json":{"title":"DaVita Portugal abre cl\u00ednica em Lamego - DaVita Portugal","robots":{"index":"index","follow":"follow","max-snippet":"max-snippet:-1","max-image-preview":"max-image-preview:large","max-video-preview":"max-video-preview:-1"},"canonical":"https:\/\/davita.jadesignstudio.xyz\/davita-portugal-abre-clinica-em-lamego\/","og_locale":"en_US","og_type":"article","og_title":"DaVita Portugal abre cl\u00ednica em Lamego - DaVita Portugal","og_description":"A DaVita Portugal vai abrir uma nova cl\u00ednica de hemodi\u00e1lise no antigo Hospital de Lamego.&hellip;","og_url":"https:\/\/davita.jadesignstudio.xyz\/davita-portugal-abre-clinica-em-lamego\/","og_site_name":"DaVita Portugal","article_publisher":"https:\/\/www.facebook.com\/Davitaportugal\/","article_published_time":"2021-06-14T14:38:44+00:00","article_modified_time":"2025-07-16T12:40:15+00:00","og_image":[{"width":1920,"height":1080,"url":"https:\/\/davita.jadesignstudio.xyz\/wp-content\/uploads\/2021\/06\/DaVita-Portugal-abre-clinica-em-Lamego.jpg","type":"image\/jpeg"}],"author":"jadesignstudio","twitter_card":"summary_large_image","twitter_misc":{"Written by":"jadesignstudio","Est. reading time":"2 minutes"},"schema":{"@context":"https:\/\/schema.org","@graph":[{"@type":"Article","@id":"https:\/\/davita.jadesignstudio.xyz\/davita-portugal-abre-clinica-em-lamego\/#article","isPartOf":{"@id":"https:\/\/davita.jadesignstudio.xyz\/davita-portugal-abre-clinica-em-lamego\/"},"author":{"name":"jadesignstudio","@id":"https:\/\/www.davita.pt\/#\/schema\/person\/f32dbd6b2d272c3ab88f9fda6980d6fd"},"headline":"DaVita Portugal abre cl\u00ednica em Lamego","datePublished":"2021-06-14T14:38:44+00:00","dateModified":"2025-07-16T12:40:15+00:00","mainEntityOfPage":{"@id":"https:\/\/davita.jadesignstudio.xyz\/davita-portugal-abre-clinica-em-lamego\/"},"wordCount":257,"publisher":{"@id":"https:\/\/www.davita.pt\/#organization"},"image":{"@id":"https:\/\/davita.jadesignstudio.xyz\/davita-portugal-abre-clinica-em-lamego\/#primaryimage"},"thumbnailUrl":"https:\/\/www.davita.pt\/wp-content\/uploads\/2021\/06\/DaVita-Portugal-abre-clinica-em-Lamego.jpg","articleSection":["Not\u00edcias"],"inLanguage":"en-US"},{"@type":"WebPage","@id":"https:\/\/davita.jadesignstudio.xyz\/davita-portugal-abre-clinica-em-lamego\/","url":"https:\/\/davita.jadesignstudio.xyz\/davita-portugal-abre-clinica-em-lamego\/","name":"DaVita Portugal abre cl\u00ednica em Lamego - DaVita Portugal","isPartOf":{"@id":"https:\/\/www.davita.pt\/#website"},"primaryImageOfPage":{"@id":"https:\/\/davita.jadesignstudio.xyz\/davita-portugal-abre-clinica-em-lamego\/#primaryimage"},"image":{"@id":"https:\/\/davita.jadesignstudio.xyz\/davita-portugal-abre-clinica-em-lamego\/#primaryimage"},"thumbnailUrl":"https:\/\/www.davita.pt\/wp-content\/uploads\/2021\/06\/DaVita-Portugal-abre-clinica-em-Lamego.jpg","datePublished":"2021-06-14T14:38:44+00:00","dateModified":"2025-07-16T12:40:15+00:00","breadcrumb":{"@id":"https:\/\/davita.jadesignstudio.xyz\/davita-portugal-abre-clinica-em-lamego\/#breadcrumb"},"inLanguage":"en-US","potentialAction":[{"@type":"ReadAction","target":["https:\/\/davita.jadesignstudio.xyz\/davita-portugal-abre-clinica-em-lamego\/"]}]},{"@type":"ImageObject","inLanguage":"en-US","@id":"https:\/\/davita.jadesignstudio.xyz\/davita-portugal-abre-clinica-em-lamego\/#primaryimage","url":"https:\/\/www.davita.pt\/wp-content\/uploads\/2021\/06\/DaVita-Portugal-abre-clinica-em-Lamego.jpg","contentUrl":"https:\/\/www.davita.pt\/wp-content\/uploads\/2021\/06\/DaVita-Portugal-abre-clinica-em-Lamego.jpg","width":1920,"height":1080,"caption":"DaVita Portugal abre cl\u00ednica em Lamego"},{"@type":"BreadcrumbList","@id":"https:\/\/davita.jadesignstudio.xyz\/davita-portugal-abre-clinica-em-lamego\/#breadcrumb","itemListElement":[{"@type":"ListItem","position":1,"name":"Home","item":"https:\/\/www.davita.pt\/"},{"@type":"ListItem","position":2,"name":"DaVita Portugal abre cl\u00ednica em Lamego"}]},{"@type":"WebSite","@id":"https:\/\/www.davita.pt\/#website","url":"https:\/\/www.davita.pt\/","name":"DaVita Portugal","description":"","publisher":{"@id":"https:\/\/www.davita.pt\/#organization"},"potentialAction":[{"@type":"SearchAction","target":{"@type":"EntryPoint","urlTemplate":"https:\/\/www.davita.pt\/?s={search_term_string}"},"query-input":{"@type":"PropertyValueSpecification","valueRequired":true,"valueName":"search_term_string"}}],"inLanguage":"en-US"},{"@type":"Organization","@id":"https:\/\/www.davita.pt\/#organization","name":"DaVita Portugal","alternateName":"IDC \u2013 International Dialysis Center, Lda.","url":"https:\/\/www.davita.pt\/","logo":{"@type":"ImageObject","inLanguage":"en-US","@id":"https:\/\/www.davita.pt\/#\/schema\/logo\/image\/","url":"https:\/\/www.davita.pt\/wp-content\/uploads\/2024\/07\/13893_DaVita_Logo_RGB_2C_72dpi.png","contentUrl":"https:\/\/www.davita.pt\/wp-content\/uploads\/2024\/07\/13893_DaVita_Logo_RGB_2C_72dpi.png","width":456,"height":175,"caption":"DaVita Portugal"},"image":{"@id":"https:\/\/www.davita.pt\/#\/schema\/logo\/image\/"},"sameAs":["https:\/\/www.facebook.com\/Davitaportugal\/","https:\/\/www.linkedin.com\/company\/davitaportugal\/"]},{"@type":"Person","@id":"https:\/\/www.davita.pt\/#\/schema\/person\/f32dbd6b2d272c3ab88f9fda6980d6fd","name":"jadesignstudio","image":{"@type":"ImageObject","inLanguage":"en-US","@id":"https:\/\/secure.gravatar.com\/avatar\/f7c9c0fd426d27c1548821044c7c7deb449e62c4254676f680136f4fdf718f4a?s=96&d=mm&r=g","url":"https:\/\/secure.gravatar.com\/avatar\/f7c9c0fd426d27c1548821044c7c7deb449e62c4254676f680136f4fdf718f4a?s=96&d=mm&r=g","contentUrl":"https:\/\/secure.gravatar.com\/avatar\/f7c9c0fd426d27c1548821044c7c7deb449e62c4254676f680136f4fdf718f4a?s=96&d=mm&r=g","caption":"jadesignstudio"},"url":"https:\/\/www.davita.pt\/en\/author\/jadesignstudio\/"}]}},"_links":{"self":[{"href":"https:\/\/www.davita.pt\/en\/wp-json\/wp\/v2\/posts\/47291","targetHints":{"allow":["GET"]}}],"collection":[{"href":"https:\/\/www.davita.pt\/en\/wp-json\/wp\/v2\/posts"}],"about":[{"href":"https:\/\/www.davita.pt\/en\/wp-json\/wp\/v2\/types\/post"}],"author":[{"embeddable":true,"href":"https:\/\/www.davita.pt\/en\/wp-json\/wp\/v2\/users\/1"}],"replies":[{"embeddable":true,"href":"https:\/\/www.davita.pt\/en\/wp-json\/wp\/v2\/comments?post=47291"}],"version-history":[{"count":2,"href":"https:\/\/www.davita.pt\/en\/wp-json\/wp\/v2\/posts\/47291\/revisions"}],"predecessor-version":[{"id":59116,"href":"https:\/\/www.davita.pt\/en\/wp-json\/wp\/v2\/posts\/47291\/revisions\/59116"}],"wp:featuredmedia":[{"embeddable":true,"href":"https:\/\/www.davita.pt\/en\/wp-json\/wp\/v2\/media\/61404"}],"wp:attachment":[{"href":"https:\/\/www.davita.pt\/en\/wp-json\/wp\/v2\/media?parent=47291"}],"wp:term":[{"taxonomy":"category","embeddable":true,"href":"https:\/\/www.davita.pt\/en\/wp-json\/wp\/v2\/categories?post=47291"},{"taxonomy":"post_tag","embeddable":true,"href":"https:\/\/www.davita.pt\/en\/wp-json\/wp\/v2\/tags?post=47291"}],"curies":[{"name":"wp","href":"https:\/\/api.w.org\/{rel}","templated":true}]}}