{"id":47167,"date":"2020-01-11T12:19:48","date_gmt":"2020-01-11T12:19:48","guid":{"rendered":"http:\/\/itech.dv.ancorathemes.com\/?p=47167"},"modified":"2025-05-07T00:17:04","modified_gmt":"2025-05-06T23:17:04","slug":"davita-leiria-organiza-festival-dos-frutos-secos","status":"publish","type":"post","link":"https:\/\/www.davita.pt\/en\/davita-leiria-organiza-festival-dos-frutos-secos\/","title":{"rendered":"DaVita Leiria organiza Festival dos Frutos Secos"},"content":{"rendered":"<p>A DaVita Leiria organizou, entre os dias 28 e 29 de outubro, o Festival dos Frutos Secos, que teve como principal objetivo alertar os doentes para o consumo consciente dos alimentos desta \u00e9poca, mostrando-lhes as suas equival\u00eancias nutricionais. A iniciativa contou com o empenho de todos os membros da equipa, que se esfor\u00e7aram por conseguir passar a mensagem da melhor forma poss\u00edvel aos doentes e aos seus familiares.<\/p>\n<p>Durante estes dois dias foi recriado o ambiente do campo, associado aos cultivos e \u00e0s vindimas. Para tal, a convite da nutricionista In\u00eas Moreira, a Cl\u00ednica DaVita Leiria contou com a colabora\u00e7\u00e3o de um dos seus doentes, que integra um rancho folcl\u00f3rico, que brindou os presentes com um momento musical. \u201cTemos de enaltecer todos os que participaram de forma ativa nesta iniciativa\u201d, afirmou In\u00eas Moreira.<\/p>\n<p>De acordo com a nutricionista, o feedback foi \u201cexcecional\u201d: \u201cTemos recebido muitos telefonemas de familiares a agradecer o facto de termos enchido de alegria os cora\u00e7\u00f5es dos nossos utentes, nunca esquecendo o ensino alimentar\u201d.<\/p>\n<p>Al\u00e9m disso, foi distribu\u00eddo material educativo, como marcadores de livros, folhetos e receitas, por toda a comunidade. No dia 31 de outubro e no dia 1 de novembro, ao lanche, foi distribu\u00eddo o chamado \u201cp\u00e3o por Deus\u201d a todos os doentes, dando assim fim \u00e0s comemora\u00e7\u00f5es.<\/p>","protected":false},"excerpt":{"rendered":"<p>A DaVita Leiria organizou, entre os dias 28 e 29 de outubro, o Festival dos&hellip;<\/p>","protected":false},"author":1,"featured_media":59055,"comment_status":"closed","ping_status":"closed","sticky":false,"template":"","format":"standard","meta":{"footnotes":""},"categories":[276],"tags":[],"class_list":["post-47167","post","type-post","status-publish","format-standard","has-post-thumbnail","hentry","category-noticias"],"yoast_head":"<!-- This site is optimized with the Yoast SEO plugin v27.4 - https:\/\/yoast.com\/product\/yoast-seo-wordpress\/ -->\n<title>DaVita Leiria organiza Festival dos Frutos Secos - DaVita Portugal<\/title>\n<meta name=\"robots\" content=\"index, follow, max-snippet:-1, max-image-preview:large, max-video-preview:-1\" \/>\n<link rel=\"canonical\" href=\"https:\/\/davita.jadesignstudio.xyz\/davita-leiria-organiza-festival-dos-frutos-secos\/\" \/>\n<meta property=\"og:locale\" content=\"en_US\" \/>\n<meta property=\"og:type\" content=\"article\" \/>\n<meta property=\"og:title\" content=\"DaVita Leiria organiza Festival dos Frutos Secos - DaVita Portugal\" \/>\n<meta property=\"og:description\" content=\"A DaVita Leiria organizou, entre os dias 28 e 29 de outubro, o Festival dos&hellip;\" \/>\n<meta property=\"og:url\" content=\"https:\/\/davita.jadesignstudio.xyz\/davita-leiria-organiza-festival-dos-frutos-secos\/\" \/>\n<meta property=\"og:site_name\" content=\"DaVita Portugal\" \/>\n<meta property=\"article:publisher\" content=\"https:\/\/www.facebook.com\/Davitaportugal\/\" \/>\n<meta property=\"article:published_time\" content=\"2020-01-11T12:19:48+00:00\" \/>\n<meta property=\"article:modified_time\" content=\"2025-05-06T23:17:04+00:00\" \/>\n<meta property=\"og:image\" content=\"https:\/\/davita.jadesignstudio.xyz\/wp-content\/uploads\/2023\/10\/DAVITA-NOTICIAS-IMG-20191031-WA0002.jpg\" \/>\n\t<meta property=\"og:image:width\" content=\"1920\" \/>\n\t<meta property=\"og:image:height\" content=\"1440\" \/>\n\t<meta property=\"og:image:type\" content=\"image\/jpeg\" \/>\n<meta name=\"author\" content=\"jadesignstudio\" \/>\n<meta name=\"twitter:card\" content=\"summary_large_image\" \/>\n<meta name=\"twitter:label1\" content=\"Written by\" \/>\n\t<meta name=\"twitter:data1\" content=\"jadesignstudio\" \/>\n\t<meta name=\"twitter:label2\" content=\"Est. reading time\" \/>\n\t<meta name=\"twitter:data2\" content=\"1 minute\" \/>\n<script type=\"application\/ld+json\" class=\"yoast-schema-graph\">{\"@context\":\"https:\\\/\\\/schema.org\",\"@graph\":[{\"@type\":\"Article\",\"@id\":\"https:\\\/\\\/davita.jadesignstudio.xyz\\\/davita-leiria-organiza-festival-dos-frutos-secos\\\/#article\",\"isPartOf\":{\"@id\":\"https:\\\/\\\/davita.jadesignstudio.xyz\\\/davita-leiria-organiza-festival-dos-frutos-secos\\\/\"},\"author\":{\"name\":\"jadesignstudio\",\"@id\":\"https:\\\/\\\/www.davita.pt\\\/#\\\/schema\\\/person\\\/f32dbd6b2d272c3ab88f9fda6980d6fd\"},\"headline\":\"DaVita Leiria organiza Festival dos Frutos Secos\",\"datePublished\":\"2020-01-11T12:19:48+00:00\",\"dateModified\":\"2025-05-06T23:17:04+00:00\",\"mainEntityOfPage\":{\"@id\":\"https:\\\/\\\/davita.jadesignstudio.xyz\\\/davita-leiria-organiza-festival-dos-frutos-secos\\\/\"},\"wordCount\":230,\"publisher\":{\"@id\":\"https:\\\/\\\/www.davita.pt\\\/#organization\"},\"image\":{\"@id\":\"https:\\\/\\\/davita.jadesignstudio.xyz\\\/davita-leiria-organiza-festival-dos-frutos-secos\\\/#primaryimage\"},\"thumbnailUrl\":\"https:\\\/\\\/www.davita.pt\\\/wp-content\\\/uploads\\\/2023\\\/10\\\/DAVITA-NOTICIAS-IMG-20191031-WA0002.jpg\",\"articleSection\":[\"Not\u00edcias\"],\"inLanguage\":\"en-US\"},{\"@type\":\"WebPage\",\"@id\":\"https:\\\/\\\/davita.jadesignstudio.xyz\\\/davita-leiria-organiza-festival-dos-frutos-secos\\\/\",\"url\":\"https:\\\/\\\/davita.jadesignstudio.xyz\\\/davita-leiria-organiza-festival-dos-frutos-secos\\\/\",\"name\":\"DaVita Leiria organiza Festival dos Frutos Secos - DaVita Portugal\",\"isPartOf\":{\"@id\":\"https:\\\/\\\/www.davita.pt\\\/#website\"},\"primaryImageOfPage\":{\"@id\":\"https:\\\/\\\/davita.jadesignstudio.xyz\\\/davita-leiria-organiza-festival-dos-frutos-secos\\\/#primaryimage\"},\"image\":{\"@id\":\"https:\\\/\\\/davita.jadesignstudio.xyz\\\/davita-leiria-organiza-festival-dos-frutos-secos\\\/#primaryimage\"},\"thumbnailUrl\":\"https:\\\/\\\/www.davita.pt\\\/wp-content\\\/uploads\\\/2023\\\/10\\\/DAVITA-NOTICIAS-IMG-20191031-WA0002.jpg\",\"datePublished\":\"2020-01-11T12:19:48+00:00\",\"dateModified\":\"2025-05-06T23:17:04+00:00\",\"breadcrumb\":{\"@id\":\"https:\\\/\\\/davita.jadesignstudio.xyz\\\/davita-leiria-organiza-festival-dos-frutos-secos\\\/#breadcrumb\"},\"inLanguage\":\"en-US\",\"potentialAction\":[{\"@type\":\"ReadAction\",\"target\":[\"https:\\\/\\\/davita.jadesignstudio.xyz\\\/davita-leiria-organiza-festival-dos-frutos-secos\\\/\"]}]},{\"@type\":\"ImageObject\",\"inLanguage\":\"en-US\",\"@id\":\"https:\\\/\\\/davita.jadesignstudio.xyz\\\/davita-leiria-organiza-festival-dos-frutos-secos\\\/#primaryimage\",\"url\":\"https:\\\/\\\/www.davita.pt\\\/wp-content\\\/uploads\\\/2023\\\/10\\\/DAVITA-NOTICIAS-IMG-20191031-WA0002.jpg\",\"contentUrl\":\"https:\\\/\\\/www.davita.pt\\\/wp-content\\\/uploads\\\/2023\\\/10\\\/DAVITA-NOTICIAS-IMG-20191031-WA0002.jpg\",\"width\":1920,\"height\":1440,\"caption\":\"DAVITA NOTICIAS IMG 20191031 WA0002\"},{\"@type\":\"BreadcrumbList\",\"@id\":\"https:\\\/\\\/davita.jadesignstudio.xyz\\\/davita-leiria-organiza-festival-dos-frutos-secos\\\/#breadcrumb\",\"itemListElement\":[{\"@type\":\"ListItem\",\"position\":1,\"name\":\"Home\",\"item\":\"https:\\\/\\\/www.davita.pt\\\/\"},{\"@type\":\"ListItem\",\"position\":2,\"name\":\"DaVita Leiria organiza Festival dos Frutos Secos\"}]},{\"@type\":\"WebSite\",\"@id\":\"https:\\\/\\\/www.davita.pt\\\/#website\",\"url\":\"https:\\\/\\\/www.davita.pt\\\/\",\"name\":\"DaVita Portugal\",\"description\":\"\",\"publisher\":{\"@id\":\"https:\\\/\\\/www.davita.pt\\\/#organization\"},\"potentialAction\":[{\"@type\":\"SearchAction\",\"target\":{\"@type\":\"EntryPoint\",\"urlTemplate\":\"https:\\\/\\\/www.davita.pt\\\/?s={search_term_string}\"},\"query-input\":{\"@type\":\"PropertyValueSpecification\",\"valueRequired\":true,\"valueName\":\"search_term_string\"}}],\"inLanguage\":\"en-US\"},{\"@type\":\"Organization\",\"@id\":\"https:\\\/\\\/www.davita.pt\\\/#organization\",\"name\":\"DaVita Portugal\",\"alternateName\":\"IDC \u2013 International Dialysis Center, Lda.\",\"url\":\"https:\\\/\\\/www.davita.pt\\\/\",\"logo\":{\"@type\":\"ImageObject\",\"inLanguage\":\"en-US\",\"@id\":\"https:\\\/\\\/www.davita.pt\\\/#\\\/schema\\\/logo\\\/image\\\/\",\"url\":\"https:\\\/\\\/www.davita.pt\\\/wp-content\\\/uploads\\\/2024\\\/07\\\/13893_DaVita_Logo_RGB_2C_72dpi.png\",\"contentUrl\":\"https:\\\/\\\/www.davita.pt\\\/wp-content\\\/uploads\\\/2024\\\/07\\\/13893_DaVita_Logo_RGB_2C_72dpi.png\",\"width\":456,\"height\":175,\"caption\":\"DaVita Portugal\"},\"image\":{\"@id\":\"https:\\\/\\\/www.davita.pt\\\/#\\\/schema\\\/logo\\\/image\\\/\"},\"sameAs\":[\"https:\\\/\\\/www.facebook.com\\\/Davitaportugal\\\/\",\"https:\\\/\\\/www.linkedin.com\\\/company\\\/davitaportugal\\\/\"]},{\"@type\":\"Person\",\"@id\":\"https:\\\/\\\/www.davita.pt\\\/#\\\/schema\\\/person\\\/f32dbd6b2d272c3ab88f9fda6980d6fd\",\"name\":\"jadesignstudio\",\"image\":{\"@type\":\"ImageObject\",\"inLanguage\":\"en-US\",\"@id\":\"https:\\\/\\\/secure.gravatar.com\\\/avatar\\\/f7c9c0fd426d27c1548821044c7c7deb449e62c4254676f680136f4fdf718f4a?s=96&d=mm&r=g\",\"url\":\"https:\\\/\\\/secure.gravatar.com\\\/avatar\\\/f7c9c0fd426d27c1548821044c7c7deb449e62c4254676f680136f4fdf718f4a?s=96&d=mm&r=g\",\"contentUrl\":\"https:\\\/\\\/secure.gravatar.com\\\/avatar\\\/f7c9c0fd426d27c1548821044c7c7deb449e62c4254676f680136f4fdf718f4a?s=96&d=mm&r=g\",\"caption\":\"jadesignstudio\"},\"url\":\"https:\\\/\\\/www.davita.pt\\\/en\\\/author\\\/jadesignstudio\\\/\"}]}<\/script>\n<!-- \/ Yoast SEO plugin. -->","yoast_head_json":{"title":"DaVita Leiria organiza Festival dos Frutos Secos - DaVita Portugal","robots":{"index":"index","follow":"follow","max-snippet":"max-snippet:-1","max-image-preview":"max-image-preview:large","max-video-preview":"max-video-preview:-1"},"canonical":"https:\/\/davita.jadesignstudio.xyz\/davita-leiria-organiza-festival-dos-frutos-secos\/","og_locale":"en_US","og_type":"article","og_title":"DaVita Leiria organiza Festival dos Frutos Secos - DaVita Portugal","og_description":"A DaVita Leiria organizou, entre os dias 28 e 29 de outubro, o Festival dos&hellip;","og_url":"https:\/\/davita.jadesignstudio.xyz\/davita-leiria-organiza-festival-dos-frutos-secos\/","og_site_name":"DaVita Portugal","article_publisher":"https:\/\/www.facebook.com\/Davitaportugal\/","article_published_time":"2020-01-11T12:19:48+00:00","article_modified_time":"2025-05-06T23:17:04+00:00","og_image":[{"width":1920,"height":1440,"url":"https:\/\/davita.jadesignstudio.xyz\/wp-content\/uploads\/2023\/10\/DAVITA-NOTICIAS-IMG-20191031-WA0002.jpg","type":"image\/jpeg"}],"author":"jadesignstudio","twitter_card":"summary_large_image","twitter_misc":{"Written by":"jadesignstudio","Est. reading time":"1 minute"},"schema":{"@context":"https:\/\/schema.org","@graph":[{"@type":"Article","@id":"https:\/\/davita.jadesignstudio.xyz\/davita-leiria-organiza-festival-dos-frutos-secos\/#article","isPartOf":{"@id":"https:\/\/davita.jadesignstudio.xyz\/davita-leiria-organiza-festival-dos-frutos-secos\/"},"author":{"name":"jadesignstudio","@id":"https:\/\/www.davita.pt\/#\/schema\/person\/f32dbd6b2d272c3ab88f9fda6980d6fd"},"headline":"DaVita Leiria organiza Festival dos Frutos Secos","datePublished":"2020-01-11T12:19:48+00:00","dateModified":"2025-05-06T23:17:04+00:00","mainEntityOfPage":{"@id":"https:\/\/davita.jadesignstudio.xyz\/davita-leiria-organiza-festival-dos-frutos-secos\/"},"wordCount":230,"publisher":{"@id":"https:\/\/www.davita.pt\/#organization"},"image":{"@id":"https:\/\/davita.jadesignstudio.xyz\/davita-leiria-organiza-festival-dos-frutos-secos\/#primaryimage"},"thumbnailUrl":"https:\/\/www.davita.pt\/wp-content\/uploads\/2023\/10\/DAVITA-NOTICIAS-IMG-20191031-WA0002.jpg","articleSection":["Not\u00edcias"],"inLanguage":"en-US"},{"@type":"WebPage","@id":"https:\/\/davita.jadesignstudio.xyz\/davita-leiria-organiza-festival-dos-frutos-secos\/","url":"https:\/\/davita.jadesignstudio.xyz\/davita-leiria-organiza-festival-dos-frutos-secos\/","name":"DaVita Leiria organiza Festival dos Frutos Secos - DaVita Portugal","isPartOf":{"@id":"https:\/\/www.davita.pt\/#website"},"primaryImageOfPage":{"@id":"https:\/\/davita.jadesignstudio.xyz\/davita-leiria-organiza-festival-dos-frutos-secos\/#primaryimage"},"image":{"@id":"https:\/\/davita.jadesignstudio.xyz\/davita-leiria-organiza-festival-dos-frutos-secos\/#primaryimage"},"thumbnailUrl":"https:\/\/www.davita.pt\/wp-content\/uploads\/2023\/10\/DAVITA-NOTICIAS-IMG-20191031-WA0002.jpg","datePublished":"2020-01-11T12:19:48+00:00","dateModified":"2025-05-06T23:17:04+00:00","breadcrumb":{"@id":"https:\/\/davita.jadesignstudio.xyz\/davita-leiria-organiza-festival-dos-frutos-secos\/#breadcrumb"},"inLanguage":"en-US","potentialAction":[{"@type":"ReadAction","target":["https:\/\/davita.jadesignstudio.xyz\/davita-leiria-organiza-festival-dos-frutos-secos\/"]}]},{"@type":"ImageObject","inLanguage":"en-US","@id":"https:\/\/davita.jadesignstudio.xyz\/davita-leiria-organiza-festival-dos-frutos-secos\/#primaryimage","url":"https:\/\/www.davita.pt\/wp-content\/uploads\/2023\/10\/DAVITA-NOTICIAS-IMG-20191031-WA0002.jpg","contentUrl":"https:\/\/www.davita.pt\/wp-content\/uploads\/2023\/10\/DAVITA-NOTICIAS-IMG-20191031-WA0002.jpg","width":1920,"height":1440,"caption":"DAVITA NOTICIAS IMG 20191031 WA0002"},{"@type":"BreadcrumbList","@id":"https:\/\/davita.jadesignstudio.xyz\/davita-leiria-organiza-festival-dos-frutos-secos\/#breadcrumb","itemListElement":[{"@type":"ListItem","position":1,"name":"Home","item":"https:\/\/www.davita.pt\/"},{"@type":"ListItem","position":2,"name":"DaVita Leiria organiza Festival dos Frutos Secos"}]},{"@type":"WebSite","@id":"https:\/\/www.davita.pt\/#website","url":"https:\/\/www.davita.pt\/","name":"DaVita Portugal","description":"","publisher":{"@id":"https:\/\/www.davita.pt\/#organization"},"potentialAction":[{"@type":"SearchAction","target":{"@type":"EntryPoint","urlTemplate":"https:\/\/www.davita.pt\/?s={search_term_string}"},"query-input":{"@type":"PropertyValueSpecification","valueRequired":true,"valueName":"search_term_string"}}],"inLanguage":"en-US"},{"@type":"Organization","@id":"https:\/\/www.davita.pt\/#organization","name":"DaVita Portugal","alternateName":"IDC \u2013 International Dialysis Center, Lda.","url":"https:\/\/www.davita.pt\/","logo":{"@type":"ImageObject","inLanguage":"en-US","@id":"https:\/\/www.davita.pt\/#\/schema\/logo\/image\/","url":"https:\/\/www.davita.pt\/wp-content\/uploads\/2024\/07\/13893_DaVita_Logo_RGB_2C_72dpi.png","contentUrl":"https:\/\/www.davita.pt\/wp-content\/uploads\/2024\/07\/13893_DaVita_Logo_RGB_2C_72dpi.png","width":456,"height":175,"caption":"DaVita Portugal"},"image":{"@id":"https:\/\/www.davita.pt\/#\/schema\/logo\/image\/"},"sameAs":["https:\/\/www.facebook.com\/Davitaportugal\/","https:\/\/www.linkedin.com\/company\/davitaportugal\/"]},{"@type":"Person","@id":"https:\/\/www.davita.pt\/#\/schema\/person\/f32dbd6b2d272c3ab88f9fda6980d6fd","name":"jadesignstudio","image":{"@type":"ImageObject","inLanguage":"en-US","@id":"https:\/\/secure.gravatar.com\/avatar\/f7c9c0fd426d27c1548821044c7c7deb449e62c4254676f680136f4fdf718f4a?s=96&d=mm&r=g","url":"https:\/\/secure.gravatar.com\/avatar\/f7c9c0fd426d27c1548821044c7c7deb449e62c4254676f680136f4fdf718f4a?s=96&d=mm&r=g","contentUrl":"https:\/\/secure.gravatar.com\/avatar\/f7c9c0fd426d27c1548821044c7c7deb449e62c4254676f680136f4fdf718f4a?s=96&d=mm&r=g","caption":"jadesignstudio"},"url":"https:\/\/www.davita.pt\/en\/author\/jadesignstudio\/"}]}},"_links":{"self":[{"href":"https:\/\/www.davita.pt\/en\/wp-json\/wp\/v2\/posts\/47167","targetHints":{"allow":["GET"]}}],"collection":[{"href":"https:\/\/www.davita.pt\/en\/wp-json\/wp\/v2\/posts"}],"about":[{"href":"https:\/\/www.davita.pt\/en\/wp-json\/wp\/v2\/types\/post"}],"author":[{"embeddable":true,"href":"https:\/\/www.davita.pt\/en\/wp-json\/wp\/v2\/users\/1"}],"replies":[{"embeddable":true,"href":"https:\/\/www.davita.pt\/en\/wp-json\/wp\/v2\/comments?post=47167"}],"version-history":[{"count":2,"href":"https:\/\/www.davita.pt\/en\/wp-json\/wp\/v2\/posts\/47167\/revisions"}],"predecessor-version":[{"id":59057,"href":"https:\/\/www.davita.pt\/en\/wp-json\/wp\/v2\/posts\/47167\/revisions\/59057"}],"wp:featuredmedia":[{"embeddable":true,"href":"https:\/\/www.davita.pt\/en\/wp-json\/wp\/v2\/media\/59055"}],"wp:attachment":[{"href":"https:\/\/www.davita.pt\/en\/wp-json\/wp\/v2\/media?parent=47167"}],"wp:term":[{"taxonomy":"category","embeddable":true,"href":"https:\/\/www.davita.pt\/en\/wp-json\/wp\/v2\/categories?post=47167"},{"taxonomy":"post_tag","embeddable":true,"href":"https:\/\/www.davita.pt\/en\/wp-json\/wp\/v2\/tags?post=47167"}],"curies":[{"name":"wp","href":"https:\/\/api.w.org\/{rel}","templated":true}]}}