{"id":47164,"date":"2019-10-11T12:18:16","date_gmt":"2019-10-11T11:18:16","guid":{"rendered":"http:\/\/itech.dv.ancorathemes.com\/?p=47164"},"modified":"2025-05-19T18:25:46","modified_gmt":"2025-05-19T17:25:46","slug":"davita-obidos-inaugura-sala-de-hemodialise","status":"publish","type":"post","link":"https:\/\/www.davita.pt\/en\/davita-obidos-inaugura-sala-de-hemodialise\/","title":{"rendered":"DaVita \u00d3bidos inaugura sala de hemodi\u00e1lise"},"content":{"rendered":"<p>A DaVita \u00d3bidos inaugurou a sua nova sala de hemodi\u00e1lise, no dia 22 de outubro, pelas 17h30. A nova sala representa a continuidade da aposta da DaVita no tratamento de excel\u00eancia da insufici\u00eancia renal cr\u00f3nica, no nosso pa\u00eds.<\/p>\n<p>A inaugura\u00e7\u00e3o contou com a presen\u00e7a de Ana Margarida Reis, vereadora da C\u00e2mara Municipal de \u00d3bidos, Lu\u00eds Coito Ribeiro, presidente da Junta de Gaeiras, M\u00e1rio Minez, presidente dos Bombeiros de \u00d3bidos, Fernando Vilares, presidente da Associa\u00e7\u00e3o Portuguesa de Enfermeiros de Di\u00e1lise e Transplanta\u00e7\u00e3o (APEDT), Jos\u00e9 Miguel Correia, presidente da Associa\u00e7\u00e3o Portuguesa de Insuficientes Renais (APIR), Fernando Jorge, presidente da Associa\u00e7\u00e3o dos Doentes Renais de Portugal (ADRP), entre outros convidados.<\/p>\n<p>Andr\u00e9 Weigert \u00e9 o diretor cl\u00ednico da Cl\u00ednica DaVita \u00d3bidos.<\/p>\n<div id='gallery-1' class='gallery galleryid-47164 gallery-columns-2 gallery-size-healthhub-thumb-big'><figure class='gallery-item'>\n\t\t\t<div class='gallery-icon landscape'>\n\t\t\t\t<img fetchpriority=\"high\" decoding=\"async\" width=\"840\" height=\"473\" src=\"https:\/\/www.davita.pt\/wp-content\/uploads\/2023\/10\/davita-obidos-00001-840x473.jpg\" class=\"attachment-healthhub-thumb-big size-healthhub-thumb-big\" alt=\"davita obidos 00001\" srcset=\"https:\/\/www.davita.pt\/wp-content\/uploads\/2023\/10\/davita-obidos-00001-840x473.jpg 840w, https:\/\/www.davita.pt\/wp-content\/uploads\/2023\/10\/davita-obidos-00001-410x230.jpg 410w, https:\/\/www.davita.pt\/wp-content\/uploads\/2023\/10\/davita-obidos-00001-270x152.jpg 270w\" sizes=\"(max-width: 840px) 100vw, 840px\" \/>\n\t\t\t<\/div><\/figure><figure class='gallery-item'>\n\t\t\t<div class='gallery-icon landscape'>\n\t\t\t\t<img decoding=\"async\" width=\"840\" height=\"473\" src=\"https:\/\/www.davita.pt\/wp-content\/uploads\/2023\/10\/davita-obidos-00002-840x473.jpg\" class=\"attachment-healthhub-thumb-big size-healthhub-thumb-big\" alt=\"davita obidos 00002\" srcset=\"https:\/\/www.davita.pt\/wp-content\/uploads\/2023\/10\/davita-obidos-00002-840x473.jpg 840w, https:\/\/www.davita.pt\/wp-content\/uploads\/2023\/10\/davita-obidos-00002-410x230.jpg 410w, https:\/\/www.davita.pt\/wp-content\/uploads\/2023\/10\/davita-obidos-00002-270x152.jpg 270w\" sizes=\"(max-width: 840px) 100vw, 840px\" \/>\n\t\t\t<\/div><\/figure><figure class='gallery-item'>\n\t\t\t<div class='gallery-icon landscape'>\n\t\t\t\t<img decoding=\"async\" width=\"840\" height=\"473\" src=\"https:\/\/www.davita.pt\/wp-content\/uploads\/2023\/10\/davita-obidos-00003-840x473.jpg\" class=\"attachment-healthhub-thumb-big size-healthhub-thumb-big\" alt=\"davita obidos 00003\" srcset=\"https:\/\/www.davita.pt\/wp-content\/uploads\/2023\/10\/davita-obidos-00003-840x473.jpg 840w, https:\/\/www.davita.pt\/wp-content\/uploads\/2023\/10\/davita-obidos-00003-410x230.jpg 410w, https:\/\/www.davita.pt\/wp-content\/uploads\/2023\/10\/davita-obidos-00003-270x152.jpg 270w\" sizes=\"(max-width: 840px) 100vw, 840px\" \/>\n\t\t\t<\/div><\/figure><figure class='gallery-item'>\n\t\t\t<div class='gallery-icon landscape'>\n\t\t\t\t<img loading=\"lazy\" decoding=\"async\" width=\"840\" height=\"473\" src=\"https:\/\/www.davita.pt\/wp-content\/uploads\/2023\/10\/davita-obidos-00004-840x473.jpg\" class=\"attachment-healthhub-thumb-big size-healthhub-thumb-big\" alt=\"davita obidos 00004\" srcset=\"https:\/\/www.davita.pt\/wp-content\/uploads\/2023\/10\/davita-obidos-00004-840x473.jpg 840w, https:\/\/www.davita.pt\/wp-content\/uploads\/2023\/10\/davita-obidos-00004-410x230.jpg 410w, https:\/\/www.davita.pt\/wp-content\/uploads\/2023\/10\/davita-obidos-00004-270x152.jpg 270w\" sizes=\"(max-width: 840px) 100vw, 840px\" \/>\n\t\t\t<\/div><\/figure>\n\t\t<\/div>","protected":false},"excerpt":{"rendered":"<p>A DaVita \u00d3bidos inaugurou a sua nova sala de hemodi\u00e1lise, no dia 22 de outubro,&hellip;<\/p>","protected":false},"author":1,"featured_media":59050,"comment_status":"closed","ping_status":"closed","sticky":false,"template":"","format":"standard","meta":{"footnotes":""},"categories":[276],"tags":[],"class_list":["post-47164","post","type-post","status-publish","format-standard","has-post-thumbnail","hentry","category-noticias"],"yoast_head":"<!-- This site is optimized with the Yoast SEO plugin v27.5 - https:\/\/yoast.com\/product\/yoast-seo-wordpress\/ -->\n<title>DaVita \u00d3bidos inaugura sala de hemodi\u00e1lise - DaVita Portugal<\/title>\n<meta name=\"description\" content=\"DaVita \u00d3bidos inaugura sala de hemodi\u00e1lise\" \/>\n<meta name=\"robots\" content=\"index, follow, max-snippet:-1, max-image-preview:large, max-video-preview:-1\" \/>\n<link rel=\"canonical\" href=\"https:\/\/davita.jadesignstudio.xyz\/davita-obidos-inaugura-sala-de-hemodialise\/\" \/>\n<meta property=\"og:locale\" content=\"en_US\" \/>\n<meta property=\"og:type\" content=\"article\" \/>\n<meta property=\"og:title\" content=\"DaVita \u00d3bidos inaugura sala de hemodi\u00e1lise - DaVita Portugal\" \/>\n<meta property=\"og:description\" content=\"DaVita \u00d3bidos inaugura sala de hemodi\u00e1lise\" \/>\n<meta property=\"og:url\" content=\"https:\/\/davita.jadesignstudio.xyz\/davita-obidos-inaugura-sala-de-hemodialise\/\" \/>\n<meta property=\"og:site_name\" content=\"DaVita Portugal\" \/>\n<meta property=\"article:publisher\" content=\"https:\/\/www.facebook.com\/Davitaportugal\/\" \/>\n<meta property=\"article:published_time\" content=\"2019-10-11T11:18:16+00:00\" \/>\n<meta property=\"article:modified_time\" content=\"2025-05-19T17:25:46+00:00\" \/>\n<meta property=\"og:image\" content=\"https:\/\/davita.jadesignstudio.xyz\/wp-content\/uploads\/2023\/10\/davita-obidos-00001.jpg\" \/>\n\t<meta property=\"og:image:width\" content=\"1000\" \/>\n\t<meta property=\"og:image:height\" content=\"667\" \/>\n\t<meta property=\"og:image:type\" content=\"image\/jpeg\" \/>\n<meta name=\"author\" content=\"jadesignstudio\" \/>\n<meta name=\"twitter:card\" content=\"summary_large_image\" \/>\n<meta name=\"twitter:label1\" content=\"Written by\" \/>\n\t<meta name=\"twitter:data1\" content=\"jadesignstudio\" \/>\n\t<meta name=\"twitter:label2\" content=\"Est. reading time\" \/>\n\t<meta name=\"twitter:data2\" content=\"1 minute\" \/>\n<script type=\"application\/ld+json\" class=\"yoast-schema-graph\">{\"@context\":\"https:\\\/\\\/schema.org\",\"@graph\":[{\"@type\":\"Article\",\"@id\":\"https:\\\/\\\/davita.jadesignstudio.xyz\\\/davita-obidos-inaugura-sala-de-hemodialise\\\/#article\",\"isPartOf\":{\"@id\":\"https:\\\/\\\/davita.jadesignstudio.xyz\\\/davita-obidos-inaugura-sala-de-hemodialise\\\/\"},\"author\":{\"name\":\"jadesignstudio\",\"@id\":\"https:\\\/\\\/www.davita.pt\\\/#\\\/schema\\\/person\\\/f32dbd6b2d272c3ab88f9fda6980d6fd\"},\"headline\":\"DaVita \u00d3bidos inaugura sala de hemodi\u00e1lise\",\"datePublished\":\"2019-10-11T11:18:16+00:00\",\"dateModified\":\"2025-05-19T17:25:46+00:00\",\"mainEntityOfPage\":{\"@id\":\"https:\\\/\\\/davita.jadesignstudio.xyz\\\/davita-obidos-inaugura-sala-de-hemodialise\\\/\"},\"wordCount\":146,\"publisher\":{\"@id\":\"https:\\\/\\\/www.davita.pt\\\/#organization\"},\"image\":{\"@id\":\"https:\\\/\\\/davita.jadesignstudio.xyz\\\/davita-obidos-inaugura-sala-de-hemodialise\\\/#primaryimage\"},\"thumbnailUrl\":\"https:\\\/\\\/www.davita.pt\\\/wp-content\\\/uploads\\\/2023\\\/10\\\/davita-obidos-00001.jpg\",\"articleSection\":[\"Not\u00edcias\"],\"inLanguage\":\"en-US\"},{\"@type\":\"WebPage\",\"@id\":\"https:\\\/\\\/davita.jadesignstudio.xyz\\\/davita-obidos-inaugura-sala-de-hemodialise\\\/\",\"url\":\"https:\\\/\\\/davita.jadesignstudio.xyz\\\/davita-obidos-inaugura-sala-de-hemodialise\\\/\",\"name\":\"DaVita \u00d3bidos inaugura sala de hemodi\u00e1lise - DaVita Portugal\",\"isPartOf\":{\"@id\":\"https:\\\/\\\/www.davita.pt\\\/#website\"},\"primaryImageOfPage\":{\"@id\":\"https:\\\/\\\/davita.jadesignstudio.xyz\\\/davita-obidos-inaugura-sala-de-hemodialise\\\/#primaryimage\"},\"image\":{\"@id\":\"https:\\\/\\\/davita.jadesignstudio.xyz\\\/davita-obidos-inaugura-sala-de-hemodialise\\\/#primaryimage\"},\"thumbnailUrl\":\"https:\\\/\\\/www.davita.pt\\\/wp-content\\\/uploads\\\/2023\\\/10\\\/davita-obidos-00001.jpg\",\"datePublished\":\"2019-10-11T11:18:16+00:00\",\"dateModified\":\"2025-05-19T17:25:46+00:00\",\"description\":\"DaVita \u00d3bidos inaugura sala de hemodi\u00e1lise\",\"breadcrumb\":{\"@id\":\"https:\\\/\\\/davita.jadesignstudio.xyz\\\/davita-obidos-inaugura-sala-de-hemodialise\\\/#breadcrumb\"},\"inLanguage\":\"en-US\",\"potentialAction\":[{\"@type\":\"ReadAction\",\"target\":[\"https:\\\/\\\/davita.jadesignstudio.xyz\\\/davita-obidos-inaugura-sala-de-hemodialise\\\/\"]}]},{\"@type\":\"ImageObject\",\"inLanguage\":\"en-US\",\"@id\":\"https:\\\/\\\/davita.jadesignstudio.xyz\\\/davita-obidos-inaugura-sala-de-hemodialise\\\/#primaryimage\",\"url\":\"https:\\\/\\\/www.davita.pt\\\/wp-content\\\/uploads\\\/2023\\\/10\\\/davita-obidos-00001.jpg\",\"contentUrl\":\"https:\\\/\\\/www.davita.pt\\\/wp-content\\\/uploads\\\/2023\\\/10\\\/davita-obidos-00001.jpg\",\"width\":1000,\"height\":667,\"caption\":\"davita obidos 00001\"},{\"@type\":\"BreadcrumbList\",\"@id\":\"https:\\\/\\\/davita.jadesignstudio.xyz\\\/davita-obidos-inaugura-sala-de-hemodialise\\\/#breadcrumb\",\"itemListElement\":[{\"@type\":\"ListItem\",\"position\":1,\"name\":\"Home\",\"item\":\"https:\\\/\\\/www.davita.pt\\\/\"},{\"@type\":\"ListItem\",\"position\":2,\"name\":\"DaVita \u00d3bidos inaugura sala de hemodi\u00e1lise\"}]},{\"@type\":\"WebSite\",\"@id\":\"https:\\\/\\\/www.davita.pt\\\/#website\",\"url\":\"https:\\\/\\\/www.davita.pt\\\/\",\"name\":\"DaVita Portugal\",\"description\":\"\",\"publisher\":{\"@id\":\"https:\\\/\\\/www.davita.pt\\\/#organization\"},\"potentialAction\":[{\"@type\":\"SearchAction\",\"target\":{\"@type\":\"EntryPoint\",\"urlTemplate\":\"https:\\\/\\\/www.davita.pt\\\/?s={search_term_string}\"},\"query-input\":{\"@type\":\"PropertyValueSpecification\",\"valueRequired\":true,\"valueName\":\"search_term_string\"}}],\"inLanguage\":\"en-US\"},{\"@type\":\"Organization\",\"@id\":\"https:\\\/\\\/www.davita.pt\\\/#organization\",\"name\":\"DaVita Portugal\",\"alternateName\":\"IDC \u2013 International Dialysis Center, Lda.\",\"url\":\"https:\\\/\\\/www.davita.pt\\\/\",\"logo\":{\"@type\":\"ImageObject\",\"inLanguage\":\"en-US\",\"@id\":\"https:\\\/\\\/www.davita.pt\\\/#\\\/schema\\\/logo\\\/image\\\/\",\"url\":\"https:\\\/\\\/www.davita.pt\\\/wp-content\\\/uploads\\\/2024\\\/07\\\/13893_DaVita_Logo_RGB_2C_72dpi.png\",\"contentUrl\":\"https:\\\/\\\/www.davita.pt\\\/wp-content\\\/uploads\\\/2024\\\/07\\\/13893_DaVita_Logo_RGB_2C_72dpi.png\",\"width\":456,\"height\":175,\"caption\":\"DaVita Portugal\"},\"image\":{\"@id\":\"https:\\\/\\\/www.davita.pt\\\/#\\\/schema\\\/logo\\\/image\\\/\"},\"sameAs\":[\"https:\\\/\\\/www.facebook.com\\\/Davitaportugal\\\/\",\"https:\\\/\\\/www.linkedin.com\\\/company\\\/davitaportugal\\\/\"]},{\"@type\":\"Person\",\"@id\":\"https:\\\/\\\/www.davita.pt\\\/#\\\/schema\\\/person\\\/f32dbd6b2d272c3ab88f9fda6980d6fd\",\"name\":\"jadesignstudio\",\"image\":{\"@type\":\"ImageObject\",\"inLanguage\":\"en-US\",\"@id\":\"https:\\\/\\\/secure.gravatar.com\\\/avatar\\\/f7c9c0fd426d27c1548821044c7c7deb449e62c4254676f680136f4fdf718f4a?s=96&d=mm&r=g\",\"url\":\"https:\\\/\\\/secure.gravatar.com\\\/avatar\\\/f7c9c0fd426d27c1548821044c7c7deb449e62c4254676f680136f4fdf718f4a?s=96&d=mm&r=g\",\"contentUrl\":\"https:\\\/\\\/secure.gravatar.com\\\/avatar\\\/f7c9c0fd426d27c1548821044c7c7deb449e62c4254676f680136f4fdf718f4a?s=96&d=mm&r=g\",\"caption\":\"jadesignstudio\"},\"url\":\"https:\\\/\\\/www.davita.pt\\\/en\\\/author\\\/jadesignstudio\\\/\"}]}<\/script>\n<!-- \/ Yoast SEO plugin. -->","yoast_head_json":{"title":"DaVita \u00d3bidos inaugura sala de hemodi\u00e1lise - DaVita Portugal","description":"DaVita \u00d3bidos inaugura sala de hemodi\u00e1lise","robots":{"index":"index","follow":"follow","max-snippet":"max-snippet:-1","max-image-preview":"max-image-preview:large","max-video-preview":"max-video-preview:-1"},"canonical":"https:\/\/davita.jadesignstudio.xyz\/davita-obidos-inaugura-sala-de-hemodialise\/","og_locale":"en_US","og_type":"article","og_title":"DaVita \u00d3bidos inaugura sala de hemodi\u00e1lise - DaVita Portugal","og_description":"DaVita \u00d3bidos inaugura sala de hemodi\u00e1lise","og_url":"https:\/\/davita.jadesignstudio.xyz\/davita-obidos-inaugura-sala-de-hemodialise\/","og_site_name":"DaVita Portugal","article_publisher":"https:\/\/www.facebook.com\/Davitaportugal\/","article_published_time":"2019-10-11T11:18:16+00:00","article_modified_time":"2025-05-19T17:25:46+00:00","og_image":[{"width":1000,"height":667,"url":"https:\/\/davita.jadesignstudio.xyz\/wp-content\/uploads\/2023\/10\/davita-obidos-00001.jpg","type":"image\/jpeg"}],"author":"jadesignstudio","twitter_card":"summary_large_image","twitter_misc":{"Written by":"jadesignstudio","Est. reading time":"1 minute"},"schema":{"@context":"https:\/\/schema.org","@graph":[{"@type":"Article","@id":"https:\/\/davita.jadesignstudio.xyz\/davita-obidos-inaugura-sala-de-hemodialise\/#article","isPartOf":{"@id":"https:\/\/davita.jadesignstudio.xyz\/davita-obidos-inaugura-sala-de-hemodialise\/"},"author":{"name":"jadesignstudio","@id":"https:\/\/www.davita.pt\/#\/schema\/person\/f32dbd6b2d272c3ab88f9fda6980d6fd"},"headline":"DaVita \u00d3bidos inaugura sala de hemodi\u00e1lise","datePublished":"2019-10-11T11:18:16+00:00","dateModified":"2025-05-19T17:25:46+00:00","mainEntityOfPage":{"@id":"https:\/\/davita.jadesignstudio.xyz\/davita-obidos-inaugura-sala-de-hemodialise\/"},"wordCount":146,"publisher":{"@id":"https:\/\/www.davita.pt\/#organization"},"image":{"@id":"https:\/\/davita.jadesignstudio.xyz\/davita-obidos-inaugura-sala-de-hemodialise\/#primaryimage"},"thumbnailUrl":"https:\/\/www.davita.pt\/wp-content\/uploads\/2023\/10\/davita-obidos-00001.jpg","articleSection":["Not\u00edcias"],"inLanguage":"en-US"},{"@type":"WebPage","@id":"https:\/\/davita.jadesignstudio.xyz\/davita-obidos-inaugura-sala-de-hemodialise\/","url":"https:\/\/davita.jadesignstudio.xyz\/davita-obidos-inaugura-sala-de-hemodialise\/","name":"DaVita \u00d3bidos inaugura sala de hemodi\u00e1lise - DaVita Portugal","isPartOf":{"@id":"https:\/\/www.davita.pt\/#website"},"primaryImageOfPage":{"@id":"https:\/\/davita.jadesignstudio.xyz\/davita-obidos-inaugura-sala-de-hemodialise\/#primaryimage"},"image":{"@id":"https:\/\/davita.jadesignstudio.xyz\/davita-obidos-inaugura-sala-de-hemodialise\/#primaryimage"},"thumbnailUrl":"https:\/\/www.davita.pt\/wp-content\/uploads\/2023\/10\/davita-obidos-00001.jpg","datePublished":"2019-10-11T11:18:16+00:00","dateModified":"2025-05-19T17:25:46+00:00","description":"DaVita \u00d3bidos inaugura sala de hemodi\u00e1lise","breadcrumb":{"@id":"https:\/\/davita.jadesignstudio.xyz\/davita-obidos-inaugura-sala-de-hemodialise\/#breadcrumb"},"inLanguage":"en-US","potentialAction":[{"@type":"ReadAction","target":["https:\/\/davita.jadesignstudio.xyz\/davita-obidos-inaugura-sala-de-hemodialise\/"]}]},{"@type":"ImageObject","inLanguage":"en-US","@id":"https:\/\/davita.jadesignstudio.xyz\/davita-obidos-inaugura-sala-de-hemodialise\/#primaryimage","url":"https:\/\/www.davita.pt\/wp-content\/uploads\/2023\/10\/davita-obidos-00001.jpg","contentUrl":"https:\/\/www.davita.pt\/wp-content\/uploads\/2023\/10\/davita-obidos-00001.jpg","width":1000,"height":667,"caption":"davita obidos 00001"},{"@type":"BreadcrumbList","@id":"https:\/\/davita.jadesignstudio.xyz\/davita-obidos-inaugura-sala-de-hemodialise\/#breadcrumb","itemListElement":[{"@type":"ListItem","position":1,"name":"Home","item":"https:\/\/www.davita.pt\/"},{"@type":"ListItem","position":2,"name":"DaVita \u00d3bidos inaugura sala de hemodi\u00e1lise"}]},{"@type":"WebSite","@id":"https:\/\/www.davita.pt\/#website","url":"https:\/\/www.davita.pt\/","name":"DaVita Portugal","description":"","publisher":{"@id":"https:\/\/www.davita.pt\/#organization"},"potentialAction":[{"@type":"SearchAction","target":{"@type":"EntryPoint","urlTemplate":"https:\/\/www.davita.pt\/?s={search_term_string}"},"query-input":{"@type":"PropertyValueSpecification","valueRequired":true,"valueName":"search_term_string"}}],"inLanguage":"en-US"},{"@type":"Organization","@id":"https:\/\/www.davita.pt\/#organization","name":"DaVita Portugal","alternateName":"IDC \u2013 International Dialysis Center, Lda.","url":"https:\/\/www.davita.pt\/","logo":{"@type":"ImageObject","inLanguage":"en-US","@id":"https:\/\/www.davita.pt\/#\/schema\/logo\/image\/","url":"https:\/\/www.davita.pt\/wp-content\/uploads\/2024\/07\/13893_DaVita_Logo_RGB_2C_72dpi.png","contentUrl":"https:\/\/www.davita.pt\/wp-content\/uploads\/2024\/07\/13893_DaVita_Logo_RGB_2C_72dpi.png","width":456,"height":175,"caption":"DaVita Portugal"},"image":{"@id":"https:\/\/www.davita.pt\/#\/schema\/logo\/image\/"},"sameAs":["https:\/\/www.facebook.com\/Davitaportugal\/","https:\/\/www.linkedin.com\/company\/davitaportugal\/"]},{"@type":"Person","@id":"https:\/\/www.davita.pt\/#\/schema\/person\/f32dbd6b2d272c3ab88f9fda6980d6fd","name":"jadesignstudio","image":{"@type":"ImageObject","inLanguage":"en-US","@id":"https:\/\/secure.gravatar.com\/avatar\/f7c9c0fd426d27c1548821044c7c7deb449e62c4254676f680136f4fdf718f4a?s=96&d=mm&r=g","url":"https:\/\/secure.gravatar.com\/avatar\/f7c9c0fd426d27c1548821044c7c7deb449e62c4254676f680136f4fdf718f4a?s=96&d=mm&r=g","contentUrl":"https:\/\/secure.gravatar.com\/avatar\/f7c9c0fd426d27c1548821044c7c7deb449e62c4254676f680136f4fdf718f4a?s=96&d=mm&r=g","caption":"jadesignstudio"},"url":"https:\/\/www.davita.pt\/en\/author\/jadesignstudio\/"}]}},"_links":{"self":[{"href":"https:\/\/www.davita.pt\/en\/wp-json\/wp\/v2\/posts\/47164","targetHints":{"allow":["GET"]}}],"collection":[{"href":"https:\/\/www.davita.pt\/en\/wp-json\/wp\/v2\/posts"}],"about":[{"href":"https:\/\/www.davita.pt\/en\/wp-json\/wp\/v2\/types\/post"}],"author":[{"embeddable":true,"href":"https:\/\/www.davita.pt\/en\/wp-json\/wp\/v2\/users\/1"}],"replies":[{"embeddable":true,"href":"https:\/\/www.davita.pt\/en\/wp-json\/wp\/v2\/comments?post=47164"}],"version-history":[{"count":2,"href":"https:\/\/www.davita.pt\/en\/wp-json\/wp\/v2\/posts\/47164\/revisions"}],"predecessor-version":[{"id":60690,"href":"https:\/\/www.davita.pt\/en\/wp-json\/wp\/v2\/posts\/47164\/revisions\/60690"}],"wp:featuredmedia":[{"embeddable":true,"href":"https:\/\/www.davita.pt\/en\/wp-json\/wp\/v2\/media\/59050"}],"wp:attachment":[{"href":"https:\/\/www.davita.pt\/en\/wp-json\/wp\/v2\/media?parent=47164"}],"wp:term":[{"taxonomy":"category","embeddable":true,"href":"https:\/\/www.davita.pt\/en\/wp-json\/wp\/v2\/categories?post=47164"},{"taxonomy":"post_tag","embeddable":true,"href":"https:\/\/www.davita.pt\/en\/wp-json\/wp\/v2\/tags?post=47164"}],"curies":[{"name":"wp","href":"https:\/\/api.w.org\/{rel}","templated":true}]}}