{"id":270,"date":"2019-06-21T15:19:43","date_gmt":"2019-06-21T14:19:43","guid":{"rendered":"http:\/\/itech.dv.ancorathemes.com\/?p=270"},"modified":"2025-05-07T00:14:17","modified_gmt":"2025-05-06T23:14:17","slug":"caminhada-com-recolha-de-lixo","status":"publish","type":"post","link":"https:\/\/www.davita.pt\/en\/caminhada-com-recolha-de-lixo\/","title":{"rendered":"Caminhada com recolha de lixo"},"content":{"rendered":"<p>\u201cN\u00e3o lixem Sacav\u00e9m\u201d foi o nome da iniciativa que se realizou a 2 de junho e que consistiu numa caminhada com recolha de lixo.<\/p>\n<p>Esta atividade contou com 19 participantes, entre os quais tr\u00eas colaboradores da sede DaVita Portugal, 11 da Cl\u00ednica DaVita Sacav\u00e9m e cinco acompanhantes.<\/p>\n<p>Dos 6 Km de caminhada previstos, apenas foram percorridos 4,5 Km, entre as 9h30 e as 12h00, devido ao calor intenso que se fez sentir.<\/p>\n<p>Ainda assim, neste percurso foram recolhidos 21 sacos de 50 litros, num total de 44,45 Kg de lixo: dois sacos de res\u00edduos indiferenciados (6,06 Kg), oito sacos de papel (14,92 Kg), nove sacos de pl\u00e1stico (14,37 Kg) e dois sacos de vidro (2,1 Kg).<\/p>\n<p>A iniciativa foi encarada pela comunidade local com grande entusiasmo: segundo contam os participantes, muitos foram os coment\u00e1rios positivos e as palavras de incentivo que se ouviram.<\/p>\n<p>A produ\u00e7\u00e3o excessiva de res\u00edduos e a sua elimina\u00e7\u00e3o inadequada \u00e9 um problema ambiental sem precedentes. Estima-se que, a cada ano, 25 milh\u00f5es de toneladas de res\u00edduos v\u00e3o parar aos oceanos.<\/p>\n<p>A DaVita orgulha-se do esfor\u00e7o de todos os participantes!<\/p>\n<p><img fetchpriority=\"high\" decoding=\"async\" class=\"alignnone wp-image-59005 size-healthhub-thumb-big\" src=\"https:\/\/www.davita.pt\/wp-content\/uploads\/2020\/04\/DAVITA-NOTICIAS-IMG_6895-640x473.jpg\" alt=\"\" width=\"640\" height=\"473\" \/><\/p>","protected":false},"excerpt":{"rendered":"<p>\u201cN\u00e3o lixem Sacav\u00e9m\u201d foi o nome da iniciativa que se realizou a 2 de junho&hellip;<\/p>","protected":false},"author":1,"featured_media":59004,"comment_status":"closed","ping_status":"closed","sticky":false,"template":"","format":"standard","meta":{"footnotes":""},"categories":[276],"tags":[],"class_list":["post-270","post","type-post","status-publish","format-standard","has-post-thumbnail","hentry","category-noticias"],"yoast_head":"<!-- This site is optimized with the Yoast SEO plugin v27.4 - https:\/\/yoast.com\/product\/yoast-seo-wordpress\/ -->\n<title>Caminhada com recolha de lixo - DaVita Portugal<\/title>\n<meta name=\"robots\" content=\"index, follow, max-snippet:-1, max-image-preview:large, max-video-preview:-1\" \/>\n<link rel=\"canonical\" href=\"https:\/\/davita.jadesignstudio.xyz\/caminhada-com-recolha-de-lixo\/\" \/>\n<meta property=\"og:locale\" content=\"en_US\" \/>\n<meta property=\"og:type\" content=\"article\" \/>\n<meta property=\"og:title\" content=\"Caminhada com recolha de lixo - DaVita Portugal\" \/>\n<meta property=\"og:description\" content=\"\u201cN\u00e3o lixem Sacav\u00e9m\u201d foi o nome da iniciativa que se realizou a 2 de junho&hellip;\" \/>\n<meta property=\"og:url\" content=\"https:\/\/davita.jadesignstudio.xyz\/caminhada-com-recolha-de-lixo\/\" \/>\n<meta property=\"og:site_name\" content=\"DaVita Portugal\" \/>\n<meta property=\"article:publisher\" content=\"https:\/\/www.facebook.com\/Davitaportugal\/\" \/>\n<meta property=\"article:published_time\" content=\"2019-06-21T14:19:43+00:00\" \/>\n<meta property=\"article:modified_time\" content=\"2025-05-06T23:14:17+00:00\" \/>\n<meta property=\"og:image\" content=\"https:\/\/davita.jadesignstudio.xyz\/wp-content\/uploads\/2020\/04\/DAVITA-NOTICIAS-IMG_9315-scaled.jpg\" \/>\n\t<meta property=\"og:image:width\" content=\"2560\" \/>\n\t<meta property=\"og:image:height\" content=\"1920\" \/>\n\t<meta property=\"og:image:type\" content=\"image\/jpeg\" \/>\n<meta name=\"author\" content=\"jadesignstudio\" \/>\n<meta name=\"twitter:card\" content=\"summary_large_image\" \/>\n<meta name=\"twitter:label1\" content=\"Written by\" \/>\n\t<meta name=\"twitter:data1\" content=\"jadesignstudio\" \/>\n\t<meta name=\"twitter:label2\" content=\"Est. reading time\" \/>\n\t<meta name=\"twitter:data2\" content=\"1 minute\" \/>\n<script type=\"application\/ld+json\" class=\"yoast-schema-graph\">{\"@context\":\"https:\\\/\\\/schema.org\",\"@graph\":[{\"@type\":\"Article\",\"@id\":\"https:\\\/\\\/davita.jadesignstudio.xyz\\\/caminhada-com-recolha-de-lixo\\\/#article\",\"isPartOf\":{\"@id\":\"https:\\\/\\\/davita.jadesignstudio.xyz\\\/caminhada-com-recolha-de-lixo\\\/\"},\"author\":{\"name\":\"jadesignstudio\",\"@id\":\"https:\\\/\\\/www.davita.pt\\\/#\\\/schema\\\/person\\\/f32dbd6b2d272c3ab88f9fda6980d6fd\"},\"headline\":\"Caminhada com recolha de lixo\",\"datePublished\":\"2019-06-21T14:19:43+00:00\",\"dateModified\":\"2025-05-06T23:14:17+00:00\",\"mainEntityOfPage\":{\"@id\":\"https:\\\/\\\/davita.jadesignstudio.xyz\\\/caminhada-com-recolha-de-lixo\\\/\"},\"wordCount\":189,\"publisher\":{\"@id\":\"https:\\\/\\\/www.davita.pt\\\/#organization\"},\"image\":{\"@id\":\"https:\\\/\\\/davita.jadesignstudio.xyz\\\/caminhada-com-recolha-de-lixo\\\/#primaryimage\"},\"thumbnailUrl\":\"https:\\\/\\\/www.davita.pt\\\/wp-content\\\/uploads\\\/2020\\\/04\\\/DAVITA-NOTICIAS-IMG_9315-scaled.jpg\",\"articleSection\":[\"Not\u00edcias\"],\"inLanguage\":\"en-US\"},{\"@type\":\"WebPage\",\"@id\":\"https:\\\/\\\/davita.jadesignstudio.xyz\\\/caminhada-com-recolha-de-lixo\\\/\",\"url\":\"https:\\\/\\\/davita.jadesignstudio.xyz\\\/caminhada-com-recolha-de-lixo\\\/\",\"name\":\"Caminhada com recolha de lixo - DaVita Portugal\",\"isPartOf\":{\"@id\":\"https:\\\/\\\/www.davita.pt\\\/#website\"},\"primaryImageOfPage\":{\"@id\":\"https:\\\/\\\/davita.jadesignstudio.xyz\\\/caminhada-com-recolha-de-lixo\\\/#primaryimage\"},\"image\":{\"@id\":\"https:\\\/\\\/davita.jadesignstudio.xyz\\\/caminhada-com-recolha-de-lixo\\\/#primaryimage\"},\"thumbnailUrl\":\"https:\\\/\\\/www.davita.pt\\\/wp-content\\\/uploads\\\/2020\\\/04\\\/DAVITA-NOTICIAS-IMG_9315-scaled.jpg\",\"datePublished\":\"2019-06-21T14:19:43+00:00\",\"dateModified\":\"2025-05-06T23:14:17+00:00\",\"breadcrumb\":{\"@id\":\"https:\\\/\\\/davita.jadesignstudio.xyz\\\/caminhada-com-recolha-de-lixo\\\/#breadcrumb\"},\"inLanguage\":\"en-US\",\"potentialAction\":[{\"@type\":\"ReadAction\",\"target\":[\"https:\\\/\\\/davita.jadesignstudio.xyz\\\/caminhada-com-recolha-de-lixo\\\/\"]}]},{\"@type\":\"ImageObject\",\"inLanguage\":\"en-US\",\"@id\":\"https:\\\/\\\/davita.jadesignstudio.xyz\\\/caminhada-com-recolha-de-lixo\\\/#primaryimage\",\"url\":\"https:\\\/\\\/www.davita.pt\\\/wp-content\\\/uploads\\\/2020\\\/04\\\/DAVITA-NOTICIAS-IMG_9315-scaled.jpg\",\"contentUrl\":\"https:\\\/\\\/www.davita.pt\\\/wp-content\\\/uploads\\\/2020\\\/04\\\/DAVITA-NOTICIAS-IMG_9315-scaled.jpg\",\"width\":2560,\"height\":1920,\"caption\":\"DAVITA NOTICIAS IMG 9315 scaled\"},{\"@type\":\"BreadcrumbList\",\"@id\":\"https:\\\/\\\/davita.jadesignstudio.xyz\\\/caminhada-com-recolha-de-lixo\\\/#breadcrumb\",\"itemListElement\":[{\"@type\":\"ListItem\",\"position\":1,\"name\":\"Home\",\"item\":\"https:\\\/\\\/www.davita.pt\\\/\"},{\"@type\":\"ListItem\",\"position\":2,\"name\":\"Caminhada com recolha de lixo\"}]},{\"@type\":\"WebSite\",\"@id\":\"https:\\\/\\\/www.davita.pt\\\/#website\",\"url\":\"https:\\\/\\\/www.davita.pt\\\/\",\"name\":\"DaVita Portugal\",\"description\":\"\",\"publisher\":{\"@id\":\"https:\\\/\\\/www.davita.pt\\\/#organization\"},\"potentialAction\":[{\"@type\":\"SearchAction\",\"target\":{\"@type\":\"EntryPoint\",\"urlTemplate\":\"https:\\\/\\\/www.davita.pt\\\/?s={search_term_string}\"},\"query-input\":{\"@type\":\"PropertyValueSpecification\",\"valueRequired\":true,\"valueName\":\"search_term_string\"}}],\"inLanguage\":\"en-US\"},{\"@type\":\"Organization\",\"@id\":\"https:\\\/\\\/www.davita.pt\\\/#organization\",\"name\":\"DaVita Portugal\",\"alternateName\":\"IDC \u2013 International Dialysis Center, Lda.\",\"url\":\"https:\\\/\\\/www.davita.pt\\\/\",\"logo\":{\"@type\":\"ImageObject\",\"inLanguage\":\"en-US\",\"@id\":\"https:\\\/\\\/www.davita.pt\\\/#\\\/schema\\\/logo\\\/image\\\/\",\"url\":\"https:\\\/\\\/www.davita.pt\\\/wp-content\\\/uploads\\\/2024\\\/07\\\/13893_DaVita_Logo_RGB_2C_72dpi.png\",\"contentUrl\":\"https:\\\/\\\/www.davita.pt\\\/wp-content\\\/uploads\\\/2024\\\/07\\\/13893_DaVita_Logo_RGB_2C_72dpi.png\",\"width\":456,\"height\":175,\"caption\":\"DaVita Portugal\"},\"image\":{\"@id\":\"https:\\\/\\\/www.davita.pt\\\/#\\\/schema\\\/logo\\\/image\\\/\"},\"sameAs\":[\"https:\\\/\\\/www.facebook.com\\\/Davitaportugal\\\/\",\"https:\\\/\\\/www.linkedin.com\\\/company\\\/davitaportugal\\\/\"]},{\"@type\":\"Person\",\"@id\":\"https:\\\/\\\/www.davita.pt\\\/#\\\/schema\\\/person\\\/f32dbd6b2d272c3ab88f9fda6980d6fd\",\"name\":\"jadesignstudio\",\"image\":{\"@type\":\"ImageObject\",\"inLanguage\":\"en-US\",\"@id\":\"https:\\\/\\\/secure.gravatar.com\\\/avatar\\\/f7c9c0fd426d27c1548821044c7c7deb449e62c4254676f680136f4fdf718f4a?s=96&d=mm&r=g\",\"url\":\"https:\\\/\\\/secure.gravatar.com\\\/avatar\\\/f7c9c0fd426d27c1548821044c7c7deb449e62c4254676f680136f4fdf718f4a?s=96&d=mm&r=g\",\"contentUrl\":\"https:\\\/\\\/secure.gravatar.com\\\/avatar\\\/f7c9c0fd426d27c1548821044c7c7deb449e62c4254676f680136f4fdf718f4a?s=96&d=mm&r=g\",\"caption\":\"jadesignstudio\"},\"url\":\"https:\\\/\\\/www.davita.pt\\\/en\\\/author\\\/jadesignstudio\\\/\"}]}<\/script>\n<!-- \/ Yoast SEO plugin. -->","yoast_head_json":{"title":"Caminhada com recolha de lixo - DaVita Portugal","robots":{"index":"index","follow":"follow","max-snippet":"max-snippet:-1","max-image-preview":"max-image-preview:large","max-video-preview":"max-video-preview:-1"},"canonical":"https:\/\/davita.jadesignstudio.xyz\/caminhada-com-recolha-de-lixo\/","og_locale":"en_US","og_type":"article","og_title":"Caminhada com recolha de lixo - DaVita Portugal","og_description":"\u201cN\u00e3o lixem Sacav\u00e9m\u201d foi o nome da iniciativa que se realizou a 2 de junho&hellip;","og_url":"https:\/\/davita.jadesignstudio.xyz\/caminhada-com-recolha-de-lixo\/","og_site_name":"DaVita Portugal","article_publisher":"https:\/\/www.facebook.com\/Davitaportugal\/","article_published_time":"2019-06-21T14:19:43+00:00","article_modified_time":"2025-05-06T23:14:17+00:00","og_image":[{"width":2560,"height":1920,"url":"https:\/\/davita.jadesignstudio.xyz\/wp-content\/uploads\/2020\/04\/DAVITA-NOTICIAS-IMG_9315-scaled.jpg","type":"image\/jpeg"}],"author":"jadesignstudio","twitter_card":"summary_large_image","twitter_misc":{"Written by":"jadesignstudio","Est. reading time":"1 minute"},"schema":{"@context":"https:\/\/schema.org","@graph":[{"@type":"Article","@id":"https:\/\/davita.jadesignstudio.xyz\/caminhada-com-recolha-de-lixo\/#article","isPartOf":{"@id":"https:\/\/davita.jadesignstudio.xyz\/caminhada-com-recolha-de-lixo\/"},"author":{"name":"jadesignstudio","@id":"https:\/\/www.davita.pt\/#\/schema\/person\/f32dbd6b2d272c3ab88f9fda6980d6fd"},"headline":"Caminhada com recolha de lixo","datePublished":"2019-06-21T14:19:43+00:00","dateModified":"2025-05-06T23:14:17+00:00","mainEntityOfPage":{"@id":"https:\/\/davita.jadesignstudio.xyz\/caminhada-com-recolha-de-lixo\/"},"wordCount":189,"publisher":{"@id":"https:\/\/www.davita.pt\/#organization"},"image":{"@id":"https:\/\/davita.jadesignstudio.xyz\/caminhada-com-recolha-de-lixo\/#primaryimage"},"thumbnailUrl":"https:\/\/www.davita.pt\/wp-content\/uploads\/2020\/04\/DAVITA-NOTICIAS-IMG_9315-scaled.jpg","articleSection":["Not\u00edcias"],"inLanguage":"en-US"},{"@type":"WebPage","@id":"https:\/\/davita.jadesignstudio.xyz\/caminhada-com-recolha-de-lixo\/","url":"https:\/\/davita.jadesignstudio.xyz\/caminhada-com-recolha-de-lixo\/","name":"Caminhada com recolha de lixo - DaVita Portugal","isPartOf":{"@id":"https:\/\/www.davita.pt\/#website"},"primaryImageOfPage":{"@id":"https:\/\/davita.jadesignstudio.xyz\/caminhada-com-recolha-de-lixo\/#primaryimage"},"image":{"@id":"https:\/\/davita.jadesignstudio.xyz\/caminhada-com-recolha-de-lixo\/#primaryimage"},"thumbnailUrl":"https:\/\/www.davita.pt\/wp-content\/uploads\/2020\/04\/DAVITA-NOTICIAS-IMG_9315-scaled.jpg","datePublished":"2019-06-21T14:19:43+00:00","dateModified":"2025-05-06T23:14:17+00:00","breadcrumb":{"@id":"https:\/\/davita.jadesignstudio.xyz\/caminhada-com-recolha-de-lixo\/#breadcrumb"},"inLanguage":"en-US","potentialAction":[{"@type":"ReadAction","target":["https:\/\/davita.jadesignstudio.xyz\/caminhada-com-recolha-de-lixo\/"]}]},{"@type":"ImageObject","inLanguage":"en-US","@id":"https:\/\/davita.jadesignstudio.xyz\/caminhada-com-recolha-de-lixo\/#primaryimage","url":"https:\/\/www.davita.pt\/wp-content\/uploads\/2020\/04\/DAVITA-NOTICIAS-IMG_9315-scaled.jpg","contentUrl":"https:\/\/www.davita.pt\/wp-content\/uploads\/2020\/04\/DAVITA-NOTICIAS-IMG_9315-scaled.jpg","width":2560,"height":1920,"caption":"DAVITA NOTICIAS IMG 9315 scaled"},{"@type":"BreadcrumbList","@id":"https:\/\/davita.jadesignstudio.xyz\/caminhada-com-recolha-de-lixo\/#breadcrumb","itemListElement":[{"@type":"ListItem","position":1,"name":"Home","item":"https:\/\/www.davita.pt\/"},{"@type":"ListItem","position":2,"name":"Caminhada com recolha de lixo"}]},{"@type":"WebSite","@id":"https:\/\/www.davita.pt\/#website","url":"https:\/\/www.davita.pt\/","name":"DaVita Portugal","description":"","publisher":{"@id":"https:\/\/www.davita.pt\/#organization"},"potentialAction":[{"@type":"SearchAction","target":{"@type":"EntryPoint","urlTemplate":"https:\/\/www.davita.pt\/?s={search_term_string}"},"query-input":{"@type":"PropertyValueSpecification","valueRequired":true,"valueName":"search_term_string"}}],"inLanguage":"en-US"},{"@type":"Organization","@id":"https:\/\/www.davita.pt\/#organization","name":"DaVita Portugal","alternateName":"IDC \u2013 International Dialysis Center, Lda.","url":"https:\/\/www.davita.pt\/","logo":{"@type":"ImageObject","inLanguage":"en-US","@id":"https:\/\/www.davita.pt\/#\/schema\/logo\/image\/","url":"https:\/\/www.davita.pt\/wp-content\/uploads\/2024\/07\/13893_DaVita_Logo_RGB_2C_72dpi.png","contentUrl":"https:\/\/www.davita.pt\/wp-content\/uploads\/2024\/07\/13893_DaVita_Logo_RGB_2C_72dpi.png","width":456,"height":175,"caption":"DaVita Portugal"},"image":{"@id":"https:\/\/www.davita.pt\/#\/schema\/logo\/image\/"},"sameAs":["https:\/\/www.facebook.com\/Davitaportugal\/","https:\/\/www.linkedin.com\/company\/davitaportugal\/"]},{"@type":"Person","@id":"https:\/\/www.davita.pt\/#\/schema\/person\/f32dbd6b2d272c3ab88f9fda6980d6fd","name":"jadesignstudio","image":{"@type":"ImageObject","inLanguage":"en-US","@id":"https:\/\/secure.gravatar.com\/avatar\/f7c9c0fd426d27c1548821044c7c7deb449e62c4254676f680136f4fdf718f4a?s=96&d=mm&r=g","url":"https:\/\/secure.gravatar.com\/avatar\/f7c9c0fd426d27c1548821044c7c7deb449e62c4254676f680136f4fdf718f4a?s=96&d=mm&r=g","contentUrl":"https:\/\/secure.gravatar.com\/avatar\/f7c9c0fd426d27c1548821044c7c7deb449e62c4254676f680136f4fdf718f4a?s=96&d=mm&r=g","caption":"jadesignstudio"},"url":"https:\/\/www.davita.pt\/en\/author\/jadesignstudio\/"}]}},"_links":{"self":[{"href":"https:\/\/www.davita.pt\/en\/wp-json\/wp\/v2\/posts\/270","targetHints":{"allow":["GET"]}}],"collection":[{"href":"https:\/\/www.davita.pt\/en\/wp-json\/wp\/v2\/posts"}],"about":[{"href":"https:\/\/www.davita.pt\/en\/wp-json\/wp\/v2\/types\/post"}],"author":[{"embeddable":true,"href":"https:\/\/www.davita.pt\/en\/wp-json\/wp\/v2\/users\/1"}],"replies":[{"embeddable":true,"href":"https:\/\/www.davita.pt\/en\/wp-json\/wp\/v2\/comments?post=270"}],"version-history":[{"count":2,"href":"https:\/\/www.davita.pt\/en\/wp-json\/wp\/v2\/posts\/270\/revisions"}],"predecessor-version":[{"id":59006,"href":"https:\/\/www.davita.pt\/en\/wp-json\/wp\/v2\/posts\/270\/revisions\/59006"}],"wp:featuredmedia":[{"embeddable":true,"href":"https:\/\/www.davita.pt\/en\/wp-json\/wp\/v2\/media\/59004"}],"wp:attachment":[{"href":"https:\/\/www.davita.pt\/en\/wp-json\/wp\/v2\/media?parent=270"}],"wp:term":[{"taxonomy":"category","embeddable":true,"href":"https:\/\/www.davita.pt\/en\/wp-json\/wp\/v2\/categories?post=270"},{"taxonomy":"post_tag","embeddable":true,"href":"https:\/\/www.davita.pt\/en\/wp-json\/wp\/v2\/tags?post=270"}],"curies":[{"name":"wp","href":"https:\/\/api.w.org\/{rel}","templated":true}]}}